{"id":1018,"date":"2016-09-03T17:54:00","date_gmt":"2016-09-03T17:54:00","guid":{"rendered":"http:\/\/relaunch2025.zeitenspiegel.de\/aktuelles\/raphael-thelen-unter-top-30-bis-30\/"},"modified":"2016-09-03T17:54:00","modified_gmt":"2016-09-03T17:54:00","slug":"raphael-thelen-unter-top-30-bis-30","status":"publish","type":"post","link":"https:\/\/www.zeitenspiegel.de\/en\/aktuell\/raphael-thelen-unter-top-30-bis-30\/","title":{"rendered":"Raphael Thelen Among Top 30 Under 30"},"content":{"rendered":"<p><body mode=\"normal\" word-count=\"47\"><\/p>\n<p>Time mirror Raphael Thelen has been named to the \u201cTop 30 Under 30\u201d in Germany by \u201cmedium magazin.\u201d Our author is thus among the recognized young talents \u2013 the jury selected a total of 30 journalists aged 30 and under.<\/p>\n<p>We are happy!<\/p>\n<p>Here is the list of further <a href=\"http:\/\/mmbeta.de\/frisch-gekuert-die-top-30-bis-30\/\">Dear<\/a>.<\/p>\n<p><\/body><\/p>\n<p>&nbsp;<\/p>","protected":false},"excerpt":{"rendered":"<p>Zeitenspiegler Raphael Thelen ist vom \u201cmedium magazin\u201d zu den \u201cTop 30 bis 30\u201d in Deutschland ernannt worden. Unser Autor z\u00e4hlt damit zu den erw\u00e4hnten Jungtalenten &#8211; insgesamt 30 Journalisten mit einem Alter bis 30 Jahre hat die Jury ausgew\u00e4hlt. Wir freuen uns! Hier geht es zur Liste der weiteren Geehrten. &nbsp;<\/p>","protected":false},"author":2,"featured_media":0,"comment_status":"closed","ping_status":"closed","sticky":false,"template":"","format":"standard","meta":{"_FSMCFIC_featured_image_caption":"","_FSMCFIC_featured_image_nocaption":"","_FSMCFIC_featured_image_hide":"","footnotes":""},"categories":[1],"tags":[],"class_list":["post-1018","post","type-post","status-publish","format-standard","hentry","category-aktuell"],"aioseo_notices":[],"_links":{"self":[{"href":"https:\/\/www.zeitenspiegel.de\/en\/wp-json\/wp\/v2\/posts\/1018","targetHints":{"allow":["GET"]}}],"collection":[{"href":"https:\/\/www.zeitenspiegel.de\/en\/wp-json\/wp\/v2\/posts"}],"about":[{"href":"https:\/\/www.zeitenspiegel.de\/en\/wp-json\/wp\/v2\/types\/post"}],"author":[{"embeddable":true,"href":"https:\/\/www.zeitenspiegel.de\/en\/wp-json\/wp\/v2\/users\/2"}],"replies":[{"embeddable":true,"href":"https:\/\/www.zeitenspiegel.de\/en\/wp-json\/wp\/v2\/comments?post=1018"}],"version-history":[{"count":0,"href":"https:\/\/www.zeitenspiegel.de\/en\/wp-json\/wp\/v2\/posts\/1018\/revisions"}],"wp:attachment":[{"href":"https:\/\/www.zeitenspiegel.de\/en\/wp-json\/wp\/v2\/media?parent=1018"}],"wp:term":[{"taxonomy":"category","embeddable":true,"href":"https:\/\/www.zeitenspiegel.de\/en\/wp-json\/wp\/v2\/categories?post=1018"},{"taxonomy":"post_tag","embeddable":true,"href":"https:\/\/www.zeitenspiegel.de\/en\/wp-json\/wp\/v2\/tags?post=1018"}],"curies":[{"name":"wp","href":"https:\/\/api.w.org\/{rel}","templated":true}]}}