{"id":1020,"date":"2016-06-23T07:01:00","date_gmt":"2016-06-23T07:01:00","guid":{"rendered":"http:\/\/relaunch2025.zeitenspiegel.de\/aktuelles\/stipendium-fuer-montag-und-oeing\/"},"modified":"2016-06-23T07:01:00","modified_gmt":"2016-06-23T07:01:00","slug":"stipendium-fuer-montag-und-oeing","status":"publish","type":"post","link":"https:\/\/www.zeitenspiegel.de\/en\/aktuell\/stipendium-fuer-montag-und-oeing\/","title":{"rendered":"Stipendium f\u00fcr Montag und Oeing"},"content":{"rendered":"<p><body mode=\"normal\" word-count=\"99\"><\/p>\n<p>Zeitenspiegel-Fotograf Sascha Montag und die bei der Zeitenspiegel-Reportageschule ausgebildete Journalistin Kristin Oeing haben ein wichtiges Stipendium erhalten: Das Flei\u00df-und-Mut-Stipendium, gef\u00f6rdert von der Mercator-Stiftung.<\/p>\n<p>Mit der Unterst\u00fctzung wird sich das Team dem Thema \u201cKlimafl\u00fcchtlinge\u201d widmen. \u00dcber sie w\u00fcrde zwar immer wieder gesprochen, doch konkret w\u00fcssten wir wenig \u00fcber dieses Thema, hei\u00dft es von den beiden.<\/p>\n<p>\u201cWir wollen uns an verschiedenen Orten auf die Suche nach der Antwort auf diese Fragen machen: Wer sind die ersten Klimafl\u00fcchtlinge?\u201d, fragt Montag. \u201cMit wie vielen m\u00fcssen wir wirklich rechnen? Wer gilt als Klimafl\u00fcchtling? Welches Recht verpflichtet die anderen, zu helfen? Wo sollen sie hin?\u201d<\/p>\n<p><\/body><\/p>\n<p>&nbsp;<\/p>","protected":false},"excerpt":{"rendered":"<p>Zeitenspiegel-Fotograf Sascha Montag und die bei der Zeitenspiegel-Reportageschule ausgebildete Journalistin Kristin Oeing haben ein wichtiges Stipendium erhalten: Das Flei\u00df-und-Mut-Stipendium, gef\u00f6rdert von der Mercator-Stiftung. Mit der Unterst\u00fctzung wird sich das Team dem Thema \u201cKlimafl\u00fcchtlinge\u201d widmen. \u00dcber sie w\u00fcrde zwar immer wieder gesprochen, doch konkret w\u00fcssten wir wenig \u00fcber dieses Thema, hei\u00dft es von den beiden. \u201cWir [&hellip;]<\/p>\n","protected":false},"author":2,"featured_media":0,"comment_status":"closed","ping_status":"closed","sticky":false,"template":"","format":"standard","meta":{"_FSMCFIC_featured_image_caption":"","_FSMCFIC_featured_image_nocaption":"","_FSMCFIC_featured_image_hide":"","footnotes":""},"categories":[1],"tags":[],"class_list":["post-1020","post","type-post","status-publish","format-standard","hentry","category-aktuell"],"aioseo_notices":[],"_links":{"self":[{"href":"https:\/\/www.zeitenspiegel.de\/en\/wp-json\/wp\/v2\/posts\/1020","targetHints":{"allow":["GET"]}}],"collection":[{"href":"https:\/\/www.zeitenspiegel.de\/en\/wp-json\/wp\/v2\/posts"}],"about":[{"href":"https:\/\/www.zeitenspiegel.de\/en\/wp-json\/wp\/v2\/types\/post"}],"author":[{"embeddable":true,"href":"https:\/\/www.zeitenspiegel.de\/en\/wp-json\/wp\/v2\/users\/2"}],"replies":[{"embeddable":true,"href":"https:\/\/www.zeitenspiegel.de\/en\/wp-json\/wp\/v2\/comments?post=1020"}],"version-history":[{"count":0,"href":"https:\/\/www.zeitenspiegel.de\/en\/wp-json\/wp\/v2\/posts\/1020\/revisions"}],"wp:attachment":[{"href":"https:\/\/www.zeitenspiegel.de\/en\/wp-json\/wp\/v2\/media?parent=1020"}],"wp:term":[{"taxonomy":"category","embeddable":true,"href":"https:\/\/www.zeitenspiegel.de\/en\/wp-json\/wp\/v2\/categories?post=1020"},{"taxonomy":"post_tag","embeddable":true,"href":"https:\/\/www.zeitenspiegel.de\/en\/wp-json\/wp\/v2\/tags?post=1020"}],"curies":[{"name":"wp","href":"https:\/\/api.w.org\/{rel}","templated":true}]}}