{"id":1031,"date":"2016-05-05T08:21:00","date_gmt":"2016-05-05T08:21:00","guid":{"rendered":"http:\/\/relaunch2025.zeitenspiegel.de\/aktuelles\/schule-recherchiert-eu-jugendarbeitslosigkeit\/"},"modified":"2016-05-05T08:21:00","modified_gmt":"2016-05-05T08:21:00","slug":"schule-recherchiert-eu-jugendarbeitslosigkeit","status":"publish","type":"post","link":"https:\/\/www.zeitenspiegel.de\/en\/aktuell\/schule-recherchiert-eu-jugendarbeitslosigkeit\/","title":{"rendered":"Schule recherchiert EU-Jugendarbeitslosigkeit"},"content":{"rendered":"<p><body mode=\"normal\" word-count=\"139\"><\/p>\n<p>Eine neue Generation von Auswanderern w\u00e4chst in Europa heran. Weil sie in ihren L\u00e4ndern kaum Chancen auf Arbeit sehen, wandern immer mehr Jugendliche aus S\u00fcdeuropa in den wirtschaftlich st\u00e4rkeren Norden des<br \/>\nKontinents. In Griechenland, Spanien und S\u00fcditalien liegt die Arbeitslosenquote junger Menschen teilweise \u00fcber 50 Prozent.<\/p>\n<p>Die Sch\u00fcler der Zeitenspiegel-Reportageschule sind deshalb Anfang Mai von Reutlingen nach Bari den umgekehrten Weg gefahren, um am Beispiel der Region Apulien zu recherchieren, welche Perspektiven Jugendliche im S\u00fcden Europas haben. Die Multimedia-Reportagen werden im Sommer auf <a href=\"http:\/\/www.reporterreisen.com\">www.reporterreisen.com<\/a> ver\u00f6ffentlicht. Die Themen reichen dabei von Fischfang bis Flugzeugbau, von Anti-Mafia-Landg\u00fctern bis zur jungen apulischen Musikszene.<\/p>\n<p>Begleitet werden die Journalistensch\u00fcler von Dominik Bauer (Projektleitung), dem \u201cSpiegel\u201d-Redakteur Bernhard Riedmann, dem Deutschland-Korrespondenten von \u201cLa Stampa\u201d Alessandro Alviani sowie den<br \/>\nZeitenspieglern Uli Reinhardt, Erdmann Wingert und Philipp Mau\u00dfhardt. Die Recherchereise wird von der Robert-Bosch-Stiftung und der Wiedeking-Stiftung unterst\u00fctzt.<\/p>\n<p><\/body><\/p>\n<p>&nbsp;<\/p>","protected":false},"excerpt":{"rendered":"<p>Eine neue Generation von Auswanderern w\u00e4chst in Europa heran. Weil sie in ihren L\u00e4ndern kaum Chancen auf Arbeit sehen, wandern immer mehr Jugendliche aus S\u00fcdeuropa in den wirtschaftlich st\u00e4rkeren Norden des Kontinents. In Griechenland, Spanien und S\u00fcditalien liegt die Arbeitslosenquote junger Menschen teilweise \u00fcber 50 Prozent. Die Sch\u00fcler der Zeitenspiegel-Reportageschule sind deshalb Anfang Mai von [&hellip;]<\/p>\n","protected":false},"author":2,"featured_media":0,"comment_status":"closed","ping_status":"closed","sticky":false,"template":"","format":"standard","meta":{"_FSMCFIC_featured_image_caption":"","_FSMCFIC_featured_image_nocaption":"","_FSMCFIC_featured_image_hide":"","footnotes":""},"categories":[1],"tags":[],"class_list":["post-1031","post","type-post","status-publish","format-standard","hentry","category-aktuell"],"aioseo_notices":[],"_links":{"self":[{"href":"https:\/\/www.zeitenspiegel.de\/en\/wp-json\/wp\/v2\/posts\/1031","targetHints":{"allow":["GET"]}}],"collection":[{"href":"https:\/\/www.zeitenspiegel.de\/en\/wp-json\/wp\/v2\/posts"}],"about":[{"href":"https:\/\/www.zeitenspiegel.de\/en\/wp-json\/wp\/v2\/types\/post"}],"author":[{"embeddable":true,"href":"https:\/\/www.zeitenspiegel.de\/en\/wp-json\/wp\/v2\/users\/2"}],"replies":[{"embeddable":true,"href":"https:\/\/www.zeitenspiegel.de\/en\/wp-json\/wp\/v2\/comments?post=1031"}],"version-history":[{"count":0,"href":"https:\/\/www.zeitenspiegel.de\/en\/wp-json\/wp\/v2\/posts\/1031\/revisions"}],"wp:attachment":[{"href":"https:\/\/www.zeitenspiegel.de\/en\/wp-json\/wp\/v2\/media?parent=1031"}],"wp:term":[{"taxonomy":"category","embeddable":true,"href":"https:\/\/www.zeitenspiegel.de\/en\/wp-json\/wp\/v2\/categories?post=1031"},{"taxonomy":"post_tag","embeddable":true,"href":"https:\/\/www.zeitenspiegel.de\/en\/wp-json\/wp\/v2\/tags?post=1031"}],"curies":[{"name":"wp","href":"https:\/\/api.w.org\/{rel}","templated":true}]}}