{"id":1033,"date":"2016-05-04T13:12:00","date_gmt":"2016-05-04T13:12:00","guid":{"rendered":"http:\/\/relaunch2025.zeitenspiegel.de\/aktuelles\/laudatio-auf-den-preistraeger-kermani\/"},"modified":"2025-12-08T16:19:02","modified_gmt":"2025-12-08T16:19:02","slug":"laudatio-auf-den-preistraeger-kermani","status":"publish","type":"post","link":"https:\/\/www.zeitenspiegel.de\/en\/aktuell\/laudatio-auf-den-preistraeger-kermani\/","title":{"rendered":"Laudatio auf den Preistr\u00e4ger Kermani"},"content":{"rendered":"<p>&nbsp;<\/p>\n\n\n\n<p>Zur Verleihung des Hansel-Mieth-Preises 2016 an Navid Kermani hielt die fr\u00fchere Stuttgarter Sozialb\u00fcrgermeisterin Gabriele M\u00fcller-Trimbusch Anfang Mai in Fellbach die Laudatio. Hier der Wortlaut der Rede:<\/p>\n\n\n\n<p>\u201cAngesichts der enormen Strahlkraft, der beeindruckenden Eloquenz und der extremen Wissenstiefe der heutigen Preistr\u00e4ger kann es eigentlich nur jedem und jeder noch so motivierten Laudatorin die Sprache verschlagen \u2013 und so bitte ich um Verst\u00e4ndnis f\u00fcr meine eher schlichte Lobrede , die der wahrlich tief empfundenen Ehrfurcht den diesj\u00e4hrigen Preistr\u00e4gern gegen\u00fcber geschuldet ist .<br>So ist der nun folgende Exkurs auch als Beispiel f\u00fcr die hier in unsere Region \u00fcbliche Untertreibung und der damit einhergehende Achtung zu sehen! Man nennt das auch \u201eschw\u00e4bisches Understatement\u201c auf Neu-Deutsch.<\/p>\n\n\n\n<p>Navid Kermani wurde als 4. Sohn iranischer Eltern , die bereits vor seiner Geburt nach Deutschland einwanderten, 1967 in Siegen geboren , arbeitete schon als Sch\u00fcler f\u00fcr die \u201eWESTF\u00c4LISCHE RUNDSCHAU\u201c und schrieb bereits w\u00e4hrend seines Studiums f\u00fcr \u00fcberregionale Zeitungen.<\/p>\n\n\n\n<p>Nach seinem Studium der Orientalistik, Philosophie und Theaterwissenschaft promovierte er 1998 mit einer Dissertation mit dem Titel: \u201eGott ist sch\u00f6n \u201e und 2006 folgte dann die Habilitation mit dem Titel \u201eDer Schrecken Gottes \u2013 Attar, Hiob und die metaphysische Revolte\u201c<\/p>\n\n\n\n<ol class=\"wp-block-list\">\n<li>Neben seinen wiss. Arbeiten zur Koran\u00e4sthetik und der islamischen Mystik , wie auch zahlreichen literarischen Arbeiten, war Navid Kermani auch als Reporter immer wieder unterwegs.<\/li>\n<\/ol>\n\n\n\n<p>Und um diese eine besondere Reportage \u201e Einbruch der Wirklichkeit\u201c geht es heute Abend, deren Text Sie soeben von Eva Hosemann vorgetragen bekommen haben.<\/p>\n\n\n\n<p>In geradezu archaischer Sprache,<br>-schn\u00f6rkellos,<br>-wirkm\u00e4chtig ,<br>-ber\u00fchrend<br>und den Leser auf subtile Weise besch\u00e4mend zugleich,<br>erschafft er eine innere Spannung und damit eine pers\u00f6nliche Beteiligung der Leser\/innen an seiner Reportage, die ihresgleichen sucht!<br>Ja, seine Reportage ist heilsam verst\u00f6rend und r\u00fchrt jeweils an die Reflexion der eigenen Werte \u2013 und deckt dabei auf, dass diese gelegentlich versch\u00fcttet zu sein scheinen.<br>Mit seinem Skalpell des Wortes seziert er pr\u00e4zise die Verantwortung jedes\/jeder Einzelnen heraus \u2013 keiner kann sich entziehen &#8211; auch wenn er oder sie geografisch nicht direkt dabei ist.<br>M.s.g.D.+H.,<br>Seine Reportage macht vor allem unumwunden deutlich, dass wir keine \u201eFl\u00fcchtlingskrise\u201c haben, von der immer wieder gesprochen wird! Nein, wir haben eine Krise der politischen Institutionen gegen\u00fcber den Fl\u00fcchtenden!<\/p>\n\n\n\n<ol class=\"wp-block-list\">\n<li>Und ein weiteres: Navid Kermani lenkt unseren Blick auf die andere Seite der sog. \u201eFl\u00fcchtlingskrise\u201c \u2013 die vermeintlich verbunden ist mit enormen finanziellen Belastungen, Integrationsproblemen und importierter Gewalt.<br>Ja, einiges davon stimmt, aber schauen wir differenziert genug auch auf das Potential , die Talente und die menschlichen und interkulturellen Impulse , von denen wir nur profitieren k\u00f6nnen?<br>Schn\u00f6rkellos wird uns in dieser Reportage noch ein ganz anderer Konflikt vor Augen gef\u00fchrt: n\u00e4mlich den zwischen unsere bestehenden Rechtsordnung und der beeindruckenden Barmherzigkeit der Zivilgesellschaft. Das sollte die Vertreter und H\u00fcter der Rechtsordnungen nachdenklich machen und entsprechend zum Handeln anleiten!<\/li>\n<\/ol>\n\n\n\n<p>So bildet Navid Kermani auch geistig eine Br\u00fccke zwischen der Generation, die noch direkt vom II. Weltkrieg betroffen waren n und mit ihrem \u201eNie wieder Krieg\u201c lange die politischen Parameter bestimmte und damit Fl\u00fcchtlingen gegen\u00fcber eine andere Haltung entgegen brachten \u2013 und der Generation heute, die diese Erfahrung nur mittelbar &#8211; weit weg \u2013 und sie nicht direkt betreffend \u00f6fter auch als ignoranten Betrachter behandelt.<\/p>\n\n\n\n<p>Navid Kermani appelliert auch an die uns, denen scheinbar die F\u00e4higkeit zur ehrlichen Begegnung mit den betroffenen Menschen abhandengekommen ist \u2013 und ich sage bewusst \u201eBEGEGNUNG\u201c &#8211; und meine damit nicht nur die friedliche Ko-Existenz!<\/p>\n\n\n\n<ol class=\"wp-block-list\">\n<li>Immer wieder nimmt N.K. die menschliche W\u00fcrde jedes\/jeder Einzelnen in den Fokus als zentrale Richtschnur f\u00fcr eine pers\u00f6nliche Haltung und daraus resultierende politische Verantwortung.<\/li>\n<\/ol>\n\n\n\n<p>Wer wie ich als damals zust\u00e4ndige B\u00fcrgermeisterin die vielen Fl\u00fcchtlinge aus Ex-Jugoslawien Anfang der 90iger unterzubringen hatte , kann die Perspektive , die Sie ,sehr verehrter Herr Kermani, den Lesern er\u00f6ffnen , ganz und gar teilen!<br>Und noch eines : s.g. Herr Kermani ,Sie stiften uns an, \u00fcber unser oft \u00fcberb\u00fcrokratisiertes , wohlsortiertes , wohlgeordnetes Weltbild nachzudenken \u2013 und bringen uns dazu, mehr Raum zu schaffen f\u00fcr mehr lebensnahen Pragmatismus im Umgang miteinander &#8211; mehr Weltoffenheit und dar\u00fcber hinaus weniger nationale Egoismen !<br>Sie haben uns mit Ihrer Reportage tief bewegt und ber\u00fchrt , wof\u00fcr Ihnen der<br>Hansel-Mieth-Preis 2016 mit Fug und Recht geb\u00fchrt!<br>Herzlichen Gl\u00fcckwunsch \u2013 (und nun habe ich meine Sprache doch noch wieder gefunden!)<\/p>\n\n\n\n<p>Der Hansel-Mieth-Preis Digital 2016 geht an Kim Wall, Coleen Jose und Jan Hendrik Hinze f\u00fcr ihre Multimedia-Reportage \u201eEXODUS\u201c , in der es um die Entv\u00f6lkerung der Marshall-Inseln geht, die einst f\u00fcr Atombomben-Tests der Amerikaner genutzt wurden und nun durch einen stetig steigenden Meeresspiegel bedroht sind .<br>Kim Wall ist eine schwedische Multi-Media-Journalistin, die in N.Y. lebt .Ihre Arbeiten wurden bislang in der New York Times , 5. der Morning Post und vielen anderen herausragenden Publikationsorganen ver\u00f6ffentlicht.<br>Kim Wall hat immer wieder den Klimawandel und seine Folgen f\u00fcr die Menschen thematisiert &#8211; vor allem aber die Atombombenversuche und die damit einhergehende Vertreibung der Menschen.<br>Sie graduierte von der renommierten Columbia-University und promovierte im Fach Journalismus und Internationale Angelegenheiten. Sie ist weitgereist und immer wieder unterwegs als K\u00e4mpferin f\u00fcr die Menschen, die durch rein wirtschaftliche Interessen anderer um ihr Land und auch ihr Leben gebracht wurden.<\/p>\n\n\n\n<p>Die Dokumentarfotografin Coleen Jose ist eine geb\u00fcrtige Philippinin und ebenfalls besonders engagiert, den Klimawandel und seine Folgen zu dokumentieren. Sie ver\u00f6ffentliche u.a. in der \u201eS\u00dcDDEUTSCHEN ZEITUNG\u201c. Aber auch Themen zur Jugendarbeitslosigkeit und Umwelt- und Energiefragen haben sie intensiv besch\u00e4ftigt und dazu gef\u00fchrt, entsprechende Foto- und Videodokumentationen zu erstellen.<br>Vielfach pr\u00e4miert und ausgezeichnet &#8211; die Liste ist sehr lang \u2013 ist Coleen Jose aber auch durch eigene Fotoausstellungen in renommierten Galerien weltweit bekannt geworden.<\/p>\n\n\n\n<p>Jan Hendrik Hinze \u2013 der Dritte im Bunde des Hansel Mieth Preis Digital 2016 \u2013 ist ein \u201eStuttgarter Gew\u00e4chs\u201c \u2013wenn ich das so salopp formulieren darf!<\/p>\n\n\n\n<ol class=\"wp-block-list\">\n<li>Nach seinem Studium der Politik- und Islamwissenschaften in Freiburg und Kairo hat er verschiedene Praktika u.a. bei der \u201eSTUTTGARTER ZEITUNG\u201c und dem \u201eSWR\u201c wie auch an der Filmakademie Ludwigsburg absolviert.<br>ZurZeit arbeitet er als Freier Journalist in N.Y.<br>Auch er ist mehrfach preisgekr\u00f6nt \u2013 und gewann u.a. den \u201eGRIMME ONLINE AWARD\u201c<br>In unserer digital vernetzten und so kommunizierenden Welt ist dieser Preis von zunehmender Wichtigkeit, unterstreicht er doch die Bedeutung &#8211; aber auch die Verantwortung &#8211; digitaler Informations\u00fcbermittlung.<br>Ich gestehe \u2013 das auf Papier gedruckte Wort immer noch intensiver zu nutzen &#8211; habe aber l\u00e4ngst verstanden, dass die Welt digital ist und immer digitaler wird.<\/li>\n<\/ol>\n\n\n\n<p>So sind beide Preise \u2013 der Hansel Mieth Preis 2016 \u2013 und der Hansel-Mieth Preis Digital gleichbedeutend.<br>Die Gemeinde der digital Natives wird weiter wachsen, daher ist die fundierte Auseinandersetzung mit dieser Kommunikationsform auch von wachsender Bedeutung.<br>Und auch hier kann man der Jury nur zu Ihrer guten Entscheidung gratulieren \u2013 denn die verst\u00f6renden Bilder eines einstigen Idylls verfehlen ihre Wirkung bei niemandem \u2013<br>sie erinnern uns auf eindringliche Weise daran, in EINER Welt zu leben, f\u00fcr die wir in ihrer Gesamtheit Verantwortung tragen.<br>Wie bei der Reportage von Navid Kermani k\u00f6nnen wir uns auch der unterlegten Botschaft dieser Bilder nicht entziehen!<\/p>\n\n\n\n<ol class=\"wp-block-list\">\n<li>Dabei kann die digitale Reportage noch auf ein besonders eindr\u00fcckliches Stilmittel zur\u00fcckgreifen, n\u00e4mlich die Betroffenen selber zu Wort kommen zu lassen und damit als unausweichliche und authentische Botschaft anzukommen. Das provoziert wahrlich echte Emp\u00f6rung bei den Nutzern!<\/li>\n<\/ol>\n\n\n\n<p>Meine s.g.D.+H.,<br>gestatten Sie mir, mich nun kurz an die Preistr\u00e4ger ohne deutsche Sprachkenntnisse zu wenden:<\/p>\n\n\n\n<p>ENGLISCH: I am convinced that the profound and very smart investigation in this form of communication is extensively growing and I definitely congratulate the Jury for their decision to award this year\u2019s HANSEL-MIETH-PRIZE DIGITAL 2016 to you: Kim Wall, Coleen Jose and Jan Hendrik Hinze!<br>The disturbing pictures of a long ago idyllic island do not fail their impetus on us and remind us at the same time intensively of being responsible for this atrocious development \u2013 not only at the Marshal-Islands!<br>Thank you for opening our eyes, spirit and hearts!<\/p>\n\n\n\n<ol class=\"wp-block-list\">\n<li>Bewegen \u2013 Verst\u00f6ren \u2013 aber daraus Verantwortung f\u00fcreinander sp\u00fcren und entwickeln &#8211; nicht zum Verharren im vermeintlich Unab\u00e4nderlichen auffordern \u2013 das beabsichtigen die Preistr\u00e4ger des Hansel-Mieth-Preises 2016 und es ist Ihnen &#8211; &#8211; und da spreche ich sicherlich auch in Ihrer aller Namen &#8211; , m.s.g.D.+H., auf das Eindringlichste gelungen ! Daf\u00fcr bedanke ich mich sehr! Und gratuliere auf das Herzlichste!<\/li>\n<\/ol>\n\n\n\n<p>Danken m\u00f6chte ich aber auch der Agentur und dem gesamten Team von ZEITENSPIEGEL-Reportagen aus dem Remstal, die uns wieder einmal vor<br>Augen,<br>Verstand<br>und Herz f\u00fchrt,<br>was Journalismus von h\u00f6chster Qualit\u00e4t sein kann: nicht nur eine hochaktuelle Lehrstunde sondern eine Chance f\u00fcr die Weiterentwicklung unserer moralischen und menschlichen Verantwortung insgesamt der Welt und all\u2018 ihren Menschen gegen\u00fcber!<\/p>\n\n\n\n<p>Herzlichen Gl\u00fcckwunsch allen Preistr\u00e4gern !<\/p>\n\n\n\n<p>Nun darf ich Sie, s.g. H.Kermani sowie die Preistr\u00e4ger des Hansel-Mieth-Preis Digital auf die B\u00fchne bitten, damit Ihnen von der Agentur Zeitenspiegel Reportagen und dem OBM die Preise \u00fcberreicht werden k\u00f6nnen!<\/p>\n\n\n\n<p>&nbsp;<\/p>\n\n\n\n<p>&nbsp;<\/p>","protected":false},"excerpt":{"rendered":"<p>&nbsp; Zur Verleihung des Hansel-Mieth-Preises 2016 an Navid Kermani hielt die fr\u00fchere Stuttgarter Sozialb\u00fcrgermeisterin Gabriele M\u00fcller-Trimbusch Anfang Mai in Fellbach die Laudatio. Hier der Wortlaut der Rede: \u201cAngesichts der enormen Strahlkraft, der beeindruckenden Eloquenz und der extremen Wissenstiefe der heutigen Preistr\u00e4ger kann es eigentlich nur jedem und jeder noch so motivierten Laudatorin die Sprache verschlagen [&hellip;]<\/p>\n","protected":false},"author":2,"featured_media":0,"comment_status":"closed","ping_status":"closed","sticky":false,"template":"","format":"standard","meta":{"_FSMCFIC_featured_image_caption":"","_FSMCFIC_featured_image_nocaption":"","_FSMCFIC_featured_image_hide":"","footnotes":""},"categories":[1],"tags":[],"class_list":["post-1033","post","type-post","status-publish","format-standard","hentry","category-aktuell"],"aioseo_notices":[],"_links":{"self":[{"href":"https:\/\/www.zeitenspiegel.de\/en\/wp-json\/wp\/v2\/posts\/1033","targetHints":{"allow":["GET"]}}],"collection":[{"href":"https:\/\/www.zeitenspiegel.de\/en\/wp-json\/wp\/v2\/posts"}],"about":[{"href":"https:\/\/www.zeitenspiegel.de\/en\/wp-json\/wp\/v2\/types\/post"}],"author":[{"embeddable":true,"href":"https:\/\/www.zeitenspiegel.de\/en\/wp-json\/wp\/v2\/users\/2"}],"replies":[{"embeddable":true,"href":"https:\/\/www.zeitenspiegel.de\/en\/wp-json\/wp\/v2\/comments?post=1033"}],"version-history":[{"count":1,"href":"https:\/\/www.zeitenspiegel.de\/en\/wp-json\/wp\/v2\/posts\/1033\/revisions"}],"predecessor-version":[{"id":6921,"href":"https:\/\/www.zeitenspiegel.de\/en\/wp-json\/wp\/v2\/posts\/1033\/revisions\/6921"}],"wp:attachment":[{"href":"https:\/\/www.zeitenspiegel.de\/en\/wp-json\/wp\/v2\/media?parent=1033"}],"wp:term":[{"taxonomy":"category","embeddable":true,"href":"https:\/\/www.zeitenspiegel.de\/en\/wp-json\/wp\/v2\/categories?post=1033"},{"taxonomy":"post_tag","embeddable":true,"href":"https:\/\/www.zeitenspiegel.de\/en\/wp-json\/wp\/v2\/tags?post=1033"}],"curies":[{"name":"wp","href":"https:\/\/api.w.org\/{rel}","templated":true}]}}