{"id":1036,"date":"2009-06-02T14:07:00","date_gmt":"2009-06-02T14:07:00","guid":{"rendered":"http:\/\/relaunch2025.zeitenspiegel.de\/aktuelles\/gabriel-gruener-stipendium-verliehen\/"},"modified":"2025-07-24T17:03:09","modified_gmt":"2025-07-24T17:03:09","slug":"gabriel-gruener-stipendium-verliehen","status":"publish","type":"post","link":"https:\/\/www.zeitenspiegel.de\/en\/aktuell\/gabriel-gruener-stipendium-verliehen\/","title":{"rendered":"Gabriel Gr\u00fcner Scholarship Awarded"},"content":{"rendered":"<p><\/p>\n\n\n\n<p>The Zeitenspiegel agency has awarded the Gabriel Gr\u00fcner Scholarship for the 10th time. The research scholarship, endowed with 6,000 euros, went to journalist Amrai Coen, 22, and photographer Fabian Brennecke, 24. <\/p>\n\n\n\n<p><em>Podcast: Gabriel Gr\u00fcner Scholarship RAI South Tyrol<\/em><br>\nhttp:\/\/zeitenspiegel.podspot.de\/<\/p>\n\n\n\n<p>During a ceremony at the Gruner + Jahr press house in Hamburg, Stern editor-in-chief Thomas Osterkorn remembered Gabriel Gr\u00fcner, a reporter in Stern's foreign desk. Gr\u00fcner was murdered in Kosovo in June 1999 along with photographer Volker Kr\u00e4mer and translator Senol Alit. Gabriel Gr\u00fcner always championed young colleagues who were \u201cpassionately driven to become reporters.\u201d He gave seminars, helped newcomers with his contacts in editorial offices, and planned the awarding of a research scholarship with Zeitenspiegel founder Uli Reinhardt. To honor their friend and colleague, the Zeitenspiegel agency established the junior scholarship after Gr\u00fcner's death. \u201cIn the spirit of Gabriel Gr\u00fcner,\u201d Thomas Osterkorn said, \"we at Stern feel obligated to support this scholarship.\".<\/p>\n\n\n\n<p>Gerd Schulte-Hillen, former CEO of Gruner + Jahr AG, emphasized the importance of the work of reporters in crisis areas: \u201cMany crimes go unpunished out of fear of publication.\u201d The International Criminal Court would not have been established by politicians if journalists had not persistently reported on war crimes. The Gabriel Gr\u00fcner Scholarship aims to encourage young reporters to \u201cbe on the road for a more just world.\u201d <\/p>\n\n\n\n<p><em>The full speech can be found at this link:<\/em><br>\nGerd Schulte-Hillen<\/p>\n\n\n\n<p>Amrai Coen and Fabian Brennecke won the jury's vote for the Recheche Scholarship with their project to portray Mexicans who have lived illegally in the USA for a long time and are now being deported to their homeland. \u201cWe want to know what it's like for people to have a face again after years of anonymity,\u201d explained Amrai Coen. She thanked them \u201cfor the tremendous opportunity that not many aspiring journalists get: to research a big story without financial worries or time pressure.\u201d <\/p>\n\n\n\n<p>Fabian Brennecke is studying photojournalism at Hannover University of Applied Sciences and Arts. Amrai Coen recently graduated from the Zeitenspiegel School of Reportage G\u00fcnter Dahl in Reutlingen and is now doing an internship at Der Spiegel in Hamburg. (bh) <\/p>\n\n\n\n<p><br><\/p>\n\n\n\n<p><\/p>\n\n\n\n<p>&nbsp;<\/p>","protected":false},"excerpt":{"rendered":"<p>Die Agentur Zeitenspiegel hat zum 10. Mal das Gabriel-Gr\u00fcner-Stipendium vergeben. Das mit 6000 Euro dotierte Recherchestipendium ging an die Journalistin Amrai Coen, 22, und den Fotografen Fabian Brennecke, 24. Podcast: Gabriel Gr\u00fcner Stipendium RAI Sender Bozen &lt;http:\/\/zeitenspiegel.podspot.de\/&gt; W\u00e4hrend einer Feierstunde im Gruner + Jahr-Pressehaus in Hamburg erinnerte Stern-Chefredakteur Thomas Osterkorn an Gabriel Gr\u00fcner, Reporter im [&hellip;]<\/p>\n","protected":false},"author":2,"featured_media":5017,"comment_status":"closed","ping_status":"closed","sticky":false,"template":"","format":"standard","meta":{"_FSMCFIC_featured_image_caption":"Die Gewinner des Stipendiums: Fabian Brennecke und Amrai Coen.","_FSMCFIC_featured_image_nocaption":"","_FSMCFIC_featured_image_hide":"","footnotes":""},"categories":[1],"tags":[],"class_list":["post-1036","post","type-post","status-publish","format-standard","has-post-thumbnail","hentry","category-aktuell"],"aioseo_notices":[],"_links":{"self":[{"href":"https:\/\/www.zeitenspiegel.de\/en\/wp-json\/wp\/v2\/posts\/1036","targetHints":{"allow":["GET"]}}],"collection":[{"href":"https:\/\/www.zeitenspiegel.de\/en\/wp-json\/wp\/v2\/posts"}],"about":[{"href":"https:\/\/www.zeitenspiegel.de\/en\/wp-json\/wp\/v2\/types\/post"}],"author":[{"embeddable":true,"href":"https:\/\/www.zeitenspiegel.de\/en\/wp-json\/wp\/v2\/users\/2"}],"replies":[{"embeddable":true,"href":"https:\/\/www.zeitenspiegel.de\/en\/wp-json\/wp\/v2\/comments?post=1036"}],"version-history":[{"count":3,"href":"https:\/\/www.zeitenspiegel.de\/en\/wp-json\/wp\/v2\/posts\/1036\/revisions"}],"predecessor-version":[{"id":5499,"href":"https:\/\/www.zeitenspiegel.de\/en\/wp-json\/wp\/v2\/posts\/1036\/revisions\/5499"}],"wp:featuredmedia":[{"embeddable":true,"href":"https:\/\/www.zeitenspiegel.de\/en\/wp-json\/wp\/v2\/media\/5017"}],"wp:attachment":[{"href":"https:\/\/www.zeitenspiegel.de\/en\/wp-json\/wp\/v2\/media?parent=1036"}],"wp:term":[{"taxonomy":"category","embeddable":true,"href":"https:\/\/www.zeitenspiegel.de\/en\/wp-json\/wp\/v2\/categories?post=1036"},{"taxonomy":"post_tag","embeddable":true,"href":"https:\/\/www.zeitenspiegel.de\/en\/wp-json\/wp\/v2\/tags?post=1036"}],"curies":[{"name":"wp","href":"https:\/\/api.w.org\/{rel}","templated":true}]}}