{"id":1038,"date":"2016-03-04T11:26:00","date_gmt":"2016-03-04T11:26:00","guid":{"rendered":"http:\/\/relaunch2025.zeitenspiegel.de\/aktuelles\/zeitenspiegler-portraetieren-fluechtlingshelfer\/"},"modified":"2016-03-04T11:26:00","modified_gmt":"2016-03-04T11:26:00","slug":"zeitenspiegler-portraetieren-fluechtlingshelfer","status":"publish","type":"post","link":"https:\/\/www.zeitenspiegel.de\/en\/aktuell\/zeitenspiegler-portraetieren-fluechtlingshelfer\/","title":{"rendered":"Zeitenspiegler portr\u00e4tieren Fl\u00fcchtlingshelfer"},"content":{"rendered":"<p><body mode=\"normal\" word-count=\"219\"><\/p>\n<p>Sie be\u00adhaup\u00adten, das Volk zu sein und schrei\u00aden Montag f\u00fcr Montag ih\u00adren Hass in die Dres\u00adde\u00adner Nacht: Pegida. Doch das Ph\u00e4nomen der Angstgemeinschaft ist nicht nur bei den Islamhassern zu finden. Die fremdenfeindliche AfD w\u00fcrde bei einer Bundestagswahl am n\u00e4chsten Sonntag rund 10 Prozent der Stimmen erhalten.<\/p>\n<p>Das Get\u00f6se um die neue Rechte \u00fcberdeckt indes eine zweite, positive Geschichte. Rund um die Fl\u00fcchtlinge wachsen \u00fcberall in Deutschland Gemeinschaften, die nicht auf Ausgrenzung setzen, sondern auf Toleranz und Mitmenschlichkeit. In ganz Deutschland sind binnen weniger Monate Gruppen entstanden, die anpacken und Integration m\u00f6glich machen.<\/p>\n<p>Die Zeitenspiegel-Fotografen Sascha Montag, Christoph P\u00fcschner, Uli Reinhardt, Frank Schulze und \u00c9ric Vazzoler wollten wissen, wer die Fl\u00fcchtlingshelfer sind und haben sie an einem Pegida-Montag in verschiedenen Orten in Deutschland besucht. Sie fanden sie in einem ehemaligen Restaurant in Berlin, in dem B\u00fcrger ihre Tage und Abende mit Fl\u00fcchtlingen verbringen. Sie begleiteten sie beim gemeinsamen M\u00f6belschleppen in Dortmund. Und sie waren dabei, als schw\u00e4bische Schneiderinnen und junge Fl\u00fcchtlinge in Kirchentellinsfurt bei Stuttgart gemeinsam zu Nadel und Faden griffen.<\/p>\n<p>In Bild und Video zeigen die Zeitenspiegel-Fotografen Menschen, die das Miteinander \u00fcber das Gegeneinander stellen. Die den Weg der Kooperation w\u00e4hlen, statt den der Ausgrenzung. Und insofern genau das tun, was Deutschland stark macht.<\/p>\n<p>Die Multimedia-Reportage \u201eEin Montag in Deutschland\u201c ist am 6. Februar 2016 in der iPad-Ausgabe des SPIEGEL erschienen.<\/p>\n<p><\/body><\/p>\n<p>&nbsp;<\/p>","protected":false},"excerpt":{"rendered":"<p>Sie be\u00adhaup\u00adten, das Volk zu sein und schrei\u00aden Montag f\u00fcr Montag ih\u00adren Hass in die Dres\u00adde\u00adner Nacht: Pegida. Doch das Ph\u00e4nomen der Angstgemeinschaft ist nicht nur bei den Islamhassern zu finden. Die fremdenfeindliche AfD w\u00fcrde bei einer Bundestagswahl am n\u00e4chsten Sonntag rund 10 Prozent der Stimmen erhalten. Das Get\u00f6se um die neue Rechte \u00fcberdeckt indes [&hellip;]<\/p>\n","protected":false},"author":2,"featured_media":0,"comment_status":"closed","ping_status":"closed","sticky":false,"template":"","format":"standard","meta":{"_FSMCFIC_featured_image_caption":"","_FSMCFIC_featured_image_nocaption":"","_FSMCFIC_featured_image_hide":"","footnotes":""},"categories":[1],"tags":[],"class_list":["post-1038","post","type-post","status-publish","format-standard","hentry","category-aktuell"],"aioseo_notices":[],"_links":{"self":[{"href":"https:\/\/www.zeitenspiegel.de\/en\/wp-json\/wp\/v2\/posts\/1038","targetHints":{"allow":["GET"]}}],"collection":[{"href":"https:\/\/www.zeitenspiegel.de\/en\/wp-json\/wp\/v2\/posts"}],"about":[{"href":"https:\/\/www.zeitenspiegel.de\/en\/wp-json\/wp\/v2\/types\/post"}],"author":[{"embeddable":true,"href":"https:\/\/www.zeitenspiegel.de\/en\/wp-json\/wp\/v2\/users\/2"}],"replies":[{"embeddable":true,"href":"https:\/\/www.zeitenspiegel.de\/en\/wp-json\/wp\/v2\/comments?post=1038"}],"version-history":[{"count":0,"href":"https:\/\/www.zeitenspiegel.de\/en\/wp-json\/wp\/v2\/posts\/1038\/revisions"}],"wp:attachment":[{"href":"https:\/\/www.zeitenspiegel.de\/en\/wp-json\/wp\/v2\/media?parent=1038"}],"wp:term":[{"taxonomy":"category","embeddable":true,"href":"https:\/\/www.zeitenspiegel.de\/en\/wp-json\/wp\/v2\/categories?post=1038"},{"taxonomy":"post_tag","embeddable":true,"href":"https:\/\/www.zeitenspiegel.de\/en\/wp-json\/wp\/v2\/tags?post=1038"}],"curies":[{"name":"wp","href":"https:\/\/api.w.org\/{rel}","templated":true}]}}