{"id":1043,"date":"2015-11-27T06:41:00","date_gmt":"2015-11-27T06:41:00","guid":{"rendered":"http:\/\/relaunch2025.zeitenspiegel.de\/aktuelles\/crossculture-hamid-sadeghi-bei-zeitenspiegel\/"},"modified":"2015-11-27T06:41:00","modified_gmt":"2015-11-27T06:41:00","slug":"crossculture-hamid-sadeghi-bei-zeitenspiegel","status":"publish","type":"post","link":"https:\/\/www.zeitenspiegel.de\/en\/aktuell\/crossculture-hamid-sadeghi-bei-zeitenspiegel\/","title":{"rendered":"CrossCulture: Hamid Sadeghi bei Zeitenspiegel"},"content":{"rendered":"<p><body mode=\"normal\" word-count=\"121\"><\/p>\n<p>Das Zeitenspiegel-B\u00fcro in Weinstadt hat Zuwachs bekommen &#8211; von <a href=\"http:\/\/hamidsadeghi.com\/about.html\">Hamid Sadeghi<\/a> aus Teheran. Noch bis Ende des Jahres wird der iranische Fotograf im Rahmen des Programms CrossCulture Praktika, das das Institut f\u00fcr Auslandsbeziehungen (ifa) zusammen mit dem Ausw\u00e4rtigen Amt durchf\u00fchrt, bei Zeitenspiegel hospitieren.<\/p>\n<p>Seit zehn Jahren setzt sich das F\u00f6rderprogramm <a href=\"http:\/\/www.ifa.de\/foerderung\/crossculture-praktika\/programminformashytionen.html\">CrossCulture Praktika<\/a> f\u00fcr den interkulturellen Dialog, grenz\u00fcberschreitende Erfahrungen und die St\u00e4rkung der Kooperation zwischen Deutschland und islamisch<br \/>\ngepr\u00e4gten L\u00e4ndern ein. In dieser Zeit haben 450 Menschen aus 32 L\u00e4ndern, von Mauretanien \u00fcber den Nahen Osten und Zentralasien bis nach Indonesien, an dem Programm teilgenommen. Gastorganisationen in Deutschland sind u.a. die Bundeszentrale f\u00fcr politische Bildung, das deutsche Institut f\u00fcr Menschenrechte, die Stiftung Wissenschaft und<br \/>\nPolitik, die Deutsche Welle, die taz und Zeitenspiegel Reportagen.<\/p>\n<p><\/body><\/p>\n<p>&nbsp;<\/p>","protected":false},"excerpt":{"rendered":"<p>Das Zeitenspiegel-B\u00fcro in Weinstadt hat Zuwachs bekommen &#8211; von Hamid Sadeghi aus Teheran. Noch bis Ende des Jahres wird der iranische Fotograf im Rahmen des Programms CrossCulture Praktika, das das Institut f\u00fcr Auslandsbeziehungen (ifa) zusammen mit dem Ausw\u00e4rtigen Amt durchf\u00fchrt, bei Zeitenspiegel hospitieren. Seit zehn Jahren setzt sich das F\u00f6rderprogramm CrossCulture Praktika f\u00fcr den interkulturellen [&hellip;]<\/p>\n","protected":false},"author":2,"featured_media":0,"comment_status":"closed","ping_status":"closed","sticky":false,"template":"","format":"standard","meta":{"_FSMCFIC_featured_image_caption":"","_FSMCFIC_featured_image_nocaption":"","_FSMCFIC_featured_image_hide":"","footnotes":""},"categories":[1],"tags":[],"class_list":["post-1043","post","type-post","status-publish","format-standard","hentry","category-aktuell"],"aioseo_notices":[],"_links":{"self":[{"href":"https:\/\/www.zeitenspiegel.de\/en\/wp-json\/wp\/v2\/posts\/1043","targetHints":{"allow":["GET"]}}],"collection":[{"href":"https:\/\/www.zeitenspiegel.de\/en\/wp-json\/wp\/v2\/posts"}],"about":[{"href":"https:\/\/www.zeitenspiegel.de\/en\/wp-json\/wp\/v2\/types\/post"}],"author":[{"embeddable":true,"href":"https:\/\/www.zeitenspiegel.de\/en\/wp-json\/wp\/v2\/users\/2"}],"replies":[{"embeddable":true,"href":"https:\/\/www.zeitenspiegel.de\/en\/wp-json\/wp\/v2\/comments?post=1043"}],"version-history":[{"count":0,"href":"https:\/\/www.zeitenspiegel.de\/en\/wp-json\/wp\/v2\/posts\/1043\/revisions"}],"wp:attachment":[{"href":"https:\/\/www.zeitenspiegel.de\/en\/wp-json\/wp\/v2\/media?parent=1043"}],"wp:term":[{"taxonomy":"category","embeddable":true,"href":"https:\/\/www.zeitenspiegel.de\/en\/wp-json\/wp\/v2\/categories?post=1043"},{"taxonomy":"post_tag","embeddable":true,"href":"https:\/\/www.zeitenspiegel.de\/en\/wp-json\/wp\/v2\/tags?post=1043"}],"curies":[{"name":"wp","href":"https:\/\/api.w.org\/{rel}","templated":true}]}}