{"id":1045,"date":"2015-11-19T07:34:00","date_gmt":"2015-11-19T07:34:00","guid":{"rendered":"http:\/\/relaunch2025.zeitenspiegel.de\/aktuelles\/ivo-saglietti-bei-huffingtonpost\/"},"modified":"2015-11-19T07:34:00","modified_gmt":"2015-11-19T07:34:00","slug":"ivo-saglietti-bei-huffingtonpost","status":"publish","type":"post","link":"https:\/\/www.zeitenspiegel.de\/en\/aktuell\/ivo-saglietti-bei-huffingtonpost\/","title":{"rendered":"Ivo Saglietti at the Huffington Post"},"content":{"rendered":"<p><body mode=\"normal\" word-count=\"52\"><\/p>\n<p>Zeitenspiegel photographer Ivo Saglietti has published some of his images in the Italian edition of Huffington Post. An article honors him as one of the greatest Italian photojournalists. The worthwhile image gallery includes shots from recent years from Palestine, Chile, Kosovo, Haiti, Lampedusa, Spain, Tanzania, Syria, and other countries.<\/p>\n<p><a href=\"http:\/\/www.huffingtonpost.it\/2015\/10\/22\/ivo-saglietti-fotoreporta_n_8357242.html\">To the article with photos<\/a><\/p>\n<p><\/body><\/p>\n<p>&nbsp;<\/p>","protected":false},"excerpt":{"rendered":"<p>Zeitenspiegel-Fotograf Ivo Saglietti hat einige seiner Bilder bei der italienischen Ausgabe von Huffingtonpost ver\u00f6ffentlicht. Ein Artikel w\u00fcrdigt ihn als einen der gr\u00f6\u00dften italienischen Reportagefotografen. Die sehenswerte Bildergalerie umfasst Aufnahmen der vergangenen Jahre aus Pal\u00e4stina, Chile, Kosovo, Haiti, Lampedusa, Spanien, Tanzania, Syrien und anderen L\u00e4ndern. Zum Artikel samt Fotos &nbsp;<\/p>","protected":false},"author":2,"featured_media":0,"comment_status":"closed","ping_status":"closed","sticky":false,"template":"","format":"standard","meta":{"_FSMCFIC_featured_image_caption":"","_FSMCFIC_featured_image_nocaption":"","_FSMCFIC_featured_image_hide":"","footnotes":""},"categories":[1],"tags":[],"class_list":["post-1045","post","type-post","status-publish","format-standard","hentry","category-aktuell"],"aioseo_notices":[],"_links":{"self":[{"href":"https:\/\/www.zeitenspiegel.de\/en\/wp-json\/wp\/v2\/posts\/1045","targetHints":{"allow":["GET"]}}],"collection":[{"href":"https:\/\/www.zeitenspiegel.de\/en\/wp-json\/wp\/v2\/posts"}],"about":[{"href":"https:\/\/www.zeitenspiegel.de\/en\/wp-json\/wp\/v2\/types\/post"}],"author":[{"embeddable":true,"href":"https:\/\/www.zeitenspiegel.de\/en\/wp-json\/wp\/v2\/users\/2"}],"replies":[{"embeddable":true,"href":"https:\/\/www.zeitenspiegel.de\/en\/wp-json\/wp\/v2\/comments?post=1045"}],"version-history":[{"count":0,"href":"https:\/\/www.zeitenspiegel.de\/en\/wp-json\/wp\/v2\/posts\/1045\/revisions"}],"wp:attachment":[{"href":"https:\/\/www.zeitenspiegel.de\/en\/wp-json\/wp\/v2\/media?parent=1045"}],"wp:term":[{"taxonomy":"category","embeddable":true,"href":"https:\/\/www.zeitenspiegel.de\/en\/wp-json\/wp\/v2\/categories?post=1045"},{"taxonomy":"post_tag","embeddable":true,"href":"https:\/\/www.zeitenspiegel.de\/en\/wp-json\/wp\/v2\/tags?post=1045"}],"curies":[{"name":"wp","href":"https:\/\/api.w.org\/{rel}","templated":true}]}}