{"id":1050,"date":"2015-09-29T09:06:00","date_gmt":"2015-09-29T09:06:00","guid":{"rendered":"http:\/\/relaunch2025.zeitenspiegel.de\/aktuelles\/zehn-jahre-zeitenspiegel-reportageschule\/"},"modified":"2015-09-29T09:06:00","modified_gmt":"2015-09-29T09:06:00","slug":"zehn-jahre-zeitenspiegel-reportageschule","status":"publish","type":"post","link":"https:\/\/www.zeitenspiegel.de\/en\/aktuell\/zehn-jahre-zeitenspiegel-reportageschule\/","title":{"rendered":"Ten years of Zeitenspiegel Reportage School"},"content":{"rendered":"<p><body mode=\"normal\" word-count=\"428\"><\/p>\n<p>1.532.422 Schritte sind die zw\u00f6lf Sch\u00fcler des 10. Jahrgangs der Zeitenspiegel-Reportageschule G\u00fcnter Dahl f\u00fcr ihr Abschlussmagazin GO insgesamt gelaufen. Schrittz\u00e4hler im Gep\u00e4ck eines jeden machen die exakte Angabe m\u00f6glich, die zugleich auf das Thema des Hefts verweist: Es geht ums Gehen. Um die damit verbundene Langsamkeit, die genaue Beobachtung erst m\u00f6glich macht. Eine Tugend, die in schnellebigen Zeiten oft erst wieder entdeckt werden muss.<\/p>\n<p>\u201cWillst du mit mir gehen? &#8211; zw\u00f6lf Reportagen zu Fu\u00df\u201d lautet der Titel des Magazins, das die j\u00fcngsten Absolventen der Reportageschule am 25. September in den R\u00e4umen der Reutlinger Volkshochschule vorstellten. In dem 130-Seiten-Heft finden sich Geschichten \u00fcber Balettt\u00e4nzer und Bundeswehrsoldaten, \u00fcber einen verschwundenen Wanderer in den Alpen, ein vergessenes Volk in Jordanien. Und viele mehr.<\/p>\n<p>Rund 150 G\u00e4ste waren der Einladung der Reportageschule zur Abschlussfeier &#8211; und zugleich der ersten runden Geburtstagsfeier der Schule selbst \u2013 gefolgt. In ihren Reden erinnerten Dr. Ulrich Bausch, der Leiter der Volkshochschule Reutlingen, und Reutlingens Oberb\u00fcrgermeisterin Barbara Bosch daran, dass vor zehn Jahren nicht jeder an den Erfolg einer Journalistenschule in Reutlingen geglaubt habe. \u201cDie Ausbildung schien in den vorhandenen Schulen zementiert\u201d, so Bausch. Am Ende siegte der Glaube an das Projekt \u2013 und mit ihm der Wille, Qualit\u00e4tsjournalismus zu f\u00f6rdern, der \u201cf\u00fcr die Demokratie unverzichtbar ist\u201d, wie der fr\u00fchere Vorstandsvorsitzende der Mercedes-Benz AG Edzard Reuter betonte, der seit dem Start der Schule Mitglied des Kuratoriums ist.<\/p>\n<p>Amrai Coen, Absolventin des 4. Ausbildungsjahrgangs und heute Autorin f\u00fcr das Dossier der \u201cZeit\u201d, verriet in ihrer Festrede, dass ihrer Bewerbung f\u00fcr die Schule als Arbeitsproben lediglich ein paar E-Mails beilagen, die sie von einer Weltreise an Freunde geschrieben hatte. Sie hatte damals noch keinen einzigen Zeitungsartikel ver\u00f6ffentlicht. Sie bekam dennoch ihre Chance. \u201cAn welcher anderen Schule ist das m\u00f6glich?\u201d, fragte sie. Entsprechend hart sei es gewesen, so Coen, als Ingrid Kolb, ehemalige Leiterin der Hamburger Henri-Nannen-Schule und Dozentin an der Reportageschule, einen ihrer ersten \u00dcbungstexte mit dem Vermerk \u201cPapierkorb\u201d versah. Die Reportageschule, das seien zw\u00f6lf Monate harte Arbeit an Texten und des intensiven Austauschs mit Mitsch\u00fclern und Dozenten gewesen.<\/p>\n<p>Eben diese Teamf\u00e4higkeit habe auch den aktuellen Jahrgang ausgezeichnet, sagte Philipp Mau\u00dfhardt, der p\u00e4dagogische Leiter der Schule. Das habe sich vor allem bei der Arbeit am zweiten gro\u00dfen Gemeinschaftsprojekt gezeigt, das die Sch\u00fcler am Festabend neben dem <a href=\"http:\/\/www.reportageschule.de\/schule\/das-go-magazin\/\">Abschlussmagazin GO<\/a> pr\u00e4sentierten: \u201cAllez Bouak\u00e9!\u201d, ein multimediales Online-Magazin \u00fcber Bouak\u00e9, die ehemalige Rebellenhauptstadt der Elfenbeink\u00fcste. Gemeinsam mit Sch\u00fclern der ivorischen Journalistenschule Studio-Ecole Mozaik hatten sich die Reutlinger Sch\u00fcler in dem westafrikanischen Land auf die Suche nach Geschichten gemacht, die vom Leben nach dem B\u00fcrgerkrieg erz\u00e4hlen.  Zu lesen, zu h\u00f6ren und zu sehen sind die Ergebnisse dieser gemeinsamen Recherche auf <a href=\"http:\/\/www.reporterreisen.com\/\">www.reporterreisen.com<\/a>.<\/p>\n<p><\/body><\/p>\n<p>&nbsp;<\/p>","protected":false},"excerpt":{"rendered":"<p>1.532.422 Schritte sind die zw\u00f6lf Sch\u00fcler des 10. Jahrgangs der Zeitenspiegel-Reportageschule G\u00fcnter Dahl f\u00fcr ihr Abschlussmagazin GO insgesamt gelaufen. Schrittz\u00e4hler im Gep\u00e4ck eines jeden machen die exakte Angabe m\u00f6glich, die zugleich auf das Thema des Hefts verweist: Es geht ums Gehen. Um die damit verbundene Langsamkeit, die genaue Beobachtung erst m\u00f6glich macht. Eine Tugend, die [&hellip;]<\/p>\n","protected":false},"author":2,"featured_media":0,"comment_status":"closed","ping_status":"closed","sticky":false,"template":"","format":"standard","meta":{"_FSMCFIC_featured_image_caption":"","_FSMCFIC_featured_image_nocaption":"","_FSMCFIC_featured_image_hide":"","footnotes":""},"categories":[1],"tags":[],"class_list":["post-1050","post","type-post","status-publish","format-standard","hentry","category-aktuell"],"aioseo_notices":[],"_links":{"self":[{"href":"https:\/\/www.zeitenspiegel.de\/en\/wp-json\/wp\/v2\/posts\/1050","targetHints":{"allow":["GET"]}}],"collection":[{"href":"https:\/\/www.zeitenspiegel.de\/en\/wp-json\/wp\/v2\/posts"}],"about":[{"href":"https:\/\/www.zeitenspiegel.de\/en\/wp-json\/wp\/v2\/types\/post"}],"author":[{"embeddable":true,"href":"https:\/\/www.zeitenspiegel.de\/en\/wp-json\/wp\/v2\/users\/2"}],"replies":[{"embeddable":true,"href":"https:\/\/www.zeitenspiegel.de\/en\/wp-json\/wp\/v2\/comments?post=1050"}],"version-history":[{"count":0,"href":"https:\/\/www.zeitenspiegel.de\/en\/wp-json\/wp\/v2\/posts\/1050\/revisions"}],"wp:attachment":[{"href":"https:\/\/www.zeitenspiegel.de\/en\/wp-json\/wp\/v2\/media?parent=1050"}],"wp:term":[{"taxonomy":"category","embeddable":true,"href":"https:\/\/www.zeitenspiegel.de\/en\/wp-json\/wp\/v2\/categories?post=1050"},{"taxonomy":"post_tag","embeddable":true,"href":"https:\/\/www.zeitenspiegel.de\/en\/wp-json\/wp\/v2\/tags?post=1050"}],"curies":[{"name":"wp","href":"https:\/\/api.w.org\/{rel}","templated":true}]}}