{"id":1052,"date":"2015-09-25T11:48:00","date_gmt":"2015-09-25T11:48:00","guid":{"rendered":"http:\/\/relaunch2025.zeitenspiegel.de\/aktuelles\/zeitenspiegelschule-goes-westafrika\/"},"modified":"2015-09-25T11:48:00","modified_gmt":"2015-09-25T11:48:00","slug":"zeitenspiegelschule-goes-westafrika","status":"publish","type":"post","link":"https:\/\/www.zeitenspiegel.de\/en\/aktuell\/zeitenspiegelschule-goes-westafrika\/","title":{"rendered":"Zeitenspiegelschule Goes to West Africa"},"content":{"rendered":"<p><body mode=\"normal\" word-count=\"146\"><\/p>\n<p>Einst war die Elfenbeink\u00fcste Hoffnung Westafrikas, Jobmotor, Wirtschaftswunder. Dann kam der B\u00fcrgerkrieg 2002. Norden und S\u00fcden des Landes bek\u00e4mpften sich aufs blutigste. Jetzt herrscht seit drei Jahren Frieden. Noch. Schon diesen Oktober stehen Wahlen an.<\/p>\n<p>F\u00fcr sein Multimedia-Projekt \u201eAllez Bouak\u00e9!\u201c wollte der zehnte Jahrgang der Zeitenspiegel-Reportageschule wissen: Wie geht es der Bev\u00f6lkerung eines Landes zwischen Krieg und Frieden, zwischen Bangen und Hoffen? Wovon tr\u00e4umt ein Waisenkind, wovon ein Schneider? Die Sch\u00fcler durchstreiften M\u00e4rkte, gingen in Tonstudios und Amtsstuben, trafen Bauern, Studenten und Politiker.<\/p>\n<p>\u201eAllez Bouak\u00e9!\u201c steht f\u00fcr ein Gef\u00fchl, eine Hoffnung, dass der Aufbruch in Stadt und Land gelingt. Dass es vorw\u00e4rts geht.<\/p>\n<p>Wir laden Sie ein, das Projekt zu entdecken, zu teilen und dar\u00fcber zu berichten:<\/p>\n<p><a href=\"http:\/\/www.reporterreisen.com\">www.reporterreisen.com<\/a><\/p>\n<p>Der deutsche Botschafter in der Elfenbeink\u00fcste Dr. Claus Auer schrieb \u00fcber das von den Sch\u00fclern realisierte Online-Magazin: \u201cIch w\u00fcnschte mir, es g\u00e4be mehr solche Berichterstattung \u00fcber diesen Kontinent.\u201d<\/p>\n<p><\/body><\/p>\n<p>&nbsp;<\/p>","protected":false},"excerpt":{"rendered":"<p>Einst war die Elfenbeink\u00fcste Hoffnung Westafrikas, Jobmotor, Wirtschaftswunder. Dann kam der B\u00fcrgerkrieg 2002. Norden und S\u00fcden des Landes bek\u00e4mpften sich aufs blutigste. Jetzt herrscht seit drei Jahren Frieden. Noch. Schon diesen Oktober stehen Wahlen an. F\u00fcr sein Multimedia-Projekt \u201eAllez Bouak\u00e9!\u201c wollte der zehnte Jahrgang der Zeitenspiegel-Reportageschule wissen: Wie geht es der Bev\u00f6lkerung eines Landes zwischen [&hellip;]<\/p>\n","protected":false},"author":2,"featured_media":0,"comment_status":"closed","ping_status":"closed","sticky":false,"template":"","format":"standard","meta":{"_FSMCFIC_featured_image_caption":"","_FSMCFIC_featured_image_nocaption":"","_FSMCFIC_featured_image_hide":"","footnotes":""},"categories":[1],"tags":[],"class_list":["post-1052","post","type-post","status-publish","format-standard","hentry","category-aktuell"],"aioseo_notices":[],"_links":{"self":[{"href":"https:\/\/www.zeitenspiegel.de\/en\/wp-json\/wp\/v2\/posts\/1052","targetHints":{"allow":["GET"]}}],"collection":[{"href":"https:\/\/www.zeitenspiegel.de\/en\/wp-json\/wp\/v2\/posts"}],"about":[{"href":"https:\/\/www.zeitenspiegel.de\/en\/wp-json\/wp\/v2\/types\/post"}],"author":[{"embeddable":true,"href":"https:\/\/www.zeitenspiegel.de\/en\/wp-json\/wp\/v2\/users\/2"}],"replies":[{"embeddable":true,"href":"https:\/\/www.zeitenspiegel.de\/en\/wp-json\/wp\/v2\/comments?post=1052"}],"version-history":[{"count":0,"href":"https:\/\/www.zeitenspiegel.de\/en\/wp-json\/wp\/v2\/posts\/1052\/revisions"}],"wp:attachment":[{"href":"https:\/\/www.zeitenspiegel.de\/en\/wp-json\/wp\/v2\/media?parent=1052"}],"wp:term":[{"taxonomy":"category","embeddable":true,"href":"https:\/\/www.zeitenspiegel.de\/en\/wp-json\/wp\/v2\/categories?post=1052"},{"taxonomy":"post_tag","embeddable":true,"href":"https:\/\/www.zeitenspiegel.de\/en\/wp-json\/wp\/v2\/tags?post=1052"}],"curies":[{"name":"wp","href":"https:\/\/api.w.org\/{rel}","templated":true}]}}