{"id":1053,"date":"2015-09-24T08:53:00","date_gmt":"2015-09-24T08:53:00","guid":{"rendered":"http:\/\/relaunch2025.zeitenspiegel.de\/aktuelles\/hinter-den-zeilen-ein-medienreport\/"},"modified":"2015-09-24T08:53:00","modified_gmt":"2015-09-24T08:53:00","slug":"hinter-den-zeilen-ein-medienreport","status":"publish","type":"post","link":"https:\/\/www.zeitenspiegel.de\/en\/aktuell\/hinter-den-zeilen-ein-medienreport\/","title":{"rendered":"Behind the Lines. A Media Report"},"content":{"rendered":"<p><body mode=\"normal\" word-count=\"201\"><\/p>\n<p>Dreizehn Studentinnen der Uni T\u00fcbingen tauschten im vergangenen Semester Schreibtisch und H\u00f6rsaal gegen Notizblock und Aufnahmeger\u00e4t. Die angehenden Medienwissenschaftlerinnen sprachen mit Journalisten von ARD, Spiegel, stern, Zeit, S\u00fcddeutscher und FAZ, befragten Lokalzeitungsredakteure, Fotografen; interviewten Psychologen, \u00d6konomen, Juristen und Whistleblower.<\/p>\n<p>\u201eDas Resultat dieser Streifz\u00fcge ist eine facettenreiche Beschreibung des real existierenden Journalismus, eine gleicherma\u00dfen praktisch orientierte und theoretisch informierte Medienkunde, die vom Einzelfall ausgeht, aber doch das gro\u00dfe Ganze in den Blick nimmt\u201c, schreibt Bernhard P\u00f6rksen, Professor f\u00fcr Medienwissenschaft im Nachwort des daraus entstandenen Buches. In 13 Kapiteln geht es unter anderem um die Sichtweisen von Journalisten auf den Skandal um Gustl Mollath und den Mordfall B\u00f6gerl. Reporter und Angeh\u00f6rige von Opfern berichten \u00fcber das Medienspektakel nach dem Amoklauf von Winnenden. Journalistinnen blicken zur\u00fcck auf die Sexismusdebatte um den FDP-Politiker Br\u00fcderle. Teilnehmer der Sendung \u201eFrauentausch\u201c berichten, wie Redakteure ihr Leben als Zerrbild inszenierten.<\/p>\n<p>Die Idee f\u00fcr dieses Buch hatte Zeitenspiegel-Autor Rainer N\u00fcbel. Er diskutierte mit den Studierenden \u00fcber Ethik und Moral, organisierte Gespr\u00e4chspartner. Zeitenspiegel-Autor Frank Brunner unterrichtete Recherche und Textdramaturgie, redigierte sp\u00e4ter die Kapitel der Studentinnen. Unterst\u00fctzt wurden beide von Wolfgang Messner, Redakteur bei der Stuttgarter Zeitung. Der Sammelband <a href=\"http:\/\/www.kloepfer-meyer.de\/Buecher\/346\/Hinter-den-Zeilen.html\">\u201eHinter den Zeilen. Ein Medienreport\u201c<\/a> erscheint am 2. November 2015 im Verlag Kl\u00f6pfer &amp; Meyer.<\/p>\n<p><\/body><\/p>\n<p>&nbsp;<\/p>","protected":false},"excerpt":{"rendered":"<p>Dreizehn Studentinnen der Uni T\u00fcbingen tauschten im vergangenen Semester Schreibtisch und H\u00f6rsaal gegen Notizblock und Aufnahmeger\u00e4t. Die angehenden Medienwissenschaftlerinnen sprachen mit Journalisten von ARD, Spiegel, stern, Zeit, S\u00fcddeutscher und FAZ, befragten Lokalzeitungsredakteure, Fotografen; interviewten Psychologen, \u00d6konomen, Juristen und Whistleblower. \u201eDas Resultat dieser Streifz\u00fcge ist eine facettenreiche Beschreibung des real existierenden Journalismus, eine gleicherma\u00dfen praktisch orientierte [&hellip;]<\/p>\n","protected":false},"author":2,"featured_media":0,"comment_status":"closed","ping_status":"closed","sticky":false,"template":"","format":"standard","meta":{"_FSMCFIC_featured_image_caption":"","_FSMCFIC_featured_image_nocaption":"","_FSMCFIC_featured_image_hide":"","footnotes":""},"categories":[1],"tags":[],"class_list":["post-1053","post","type-post","status-publish","format-standard","hentry","category-aktuell"],"aioseo_notices":[],"_links":{"self":[{"href":"https:\/\/www.zeitenspiegel.de\/en\/wp-json\/wp\/v2\/posts\/1053","targetHints":{"allow":["GET"]}}],"collection":[{"href":"https:\/\/www.zeitenspiegel.de\/en\/wp-json\/wp\/v2\/posts"}],"about":[{"href":"https:\/\/www.zeitenspiegel.de\/en\/wp-json\/wp\/v2\/types\/post"}],"author":[{"embeddable":true,"href":"https:\/\/www.zeitenspiegel.de\/en\/wp-json\/wp\/v2\/users\/2"}],"replies":[{"embeddable":true,"href":"https:\/\/www.zeitenspiegel.de\/en\/wp-json\/wp\/v2\/comments?post=1053"}],"version-history":[{"count":0,"href":"https:\/\/www.zeitenspiegel.de\/en\/wp-json\/wp\/v2\/posts\/1053\/revisions"}],"wp:attachment":[{"href":"https:\/\/www.zeitenspiegel.de\/en\/wp-json\/wp\/v2\/media?parent=1053"}],"wp:term":[{"taxonomy":"category","embeddable":true,"href":"https:\/\/www.zeitenspiegel.de\/en\/wp-json\/wp\/v2\/categories?post=1053"},{"taxonomy":"post_tag","embeddable":true,"href":"https:\/\/www.zeitenspiegel.de\/en\/wp-json\/wp\/v2\/tags?post=1053"}],"curies":[{"name":"wp","href":"https:\/\/api.w.org\/{rel}","templated":true}]}}