{"id":1057,"date":"2015-08-04T11:04:00","date_gmt":"2015-08-04T11:04:00","guid":{"rendered":"http:\/\/relaunch2025.zeitenspiegel.de\/aktuelles\/china-indien-serie-von-markus-wanzeck\/"},"modified":"2025-12-19T17:23:26","modified_gmt":"2025-12-19T17:23:26","slug":"china-indien-serie-von-markus-wanzeck","status":"publish","type":"post","link":"https:\/\/www.zeitenspiegel.de\/en\/aktuell\/china-indien-serie-von-markus-wanzeck\/","title":{"rendered":"China-India Series by Markus Wanzeck"},"content":{"rendered":"<p>\u00a0Der weitere Aufstieg von China und Indien wird die Welt im 21.<br>Jahrhundert pr\u00e4gen &#8211; politisch, wirtschaftlich, wissenschaftlich. Mit<br>ihnen wird eine L\u00f6sung globaler Umweltprobleme wie Klimawandel und<br>Wasserknappheit schwierig. Ohne sie unm\u00f6glich.<\/p>\n\n\n\n<p>F\u00fcr <em>bild der wissenschaft<\/em> hat Zeitenspiegel-Autor Markus Wanzeck einen<br>Blick auf die beiden asiatischen Riesenreiche geworfen. Sein Feature<br>\u00fcber China und Indien erscheint nun in einer dreiteiligen Serie. Der<br>erste Teil, mit Schwerpunkt Gesellschaft und Bildung, ist Titelthema der<br>August-Ausgabe. Teil zwei (Wirtschaft und Innovation) und drei (Umwelt)<br>folgen im September und Oktober.<\/p>\n\n\n\n<p>Weitere Infos auf <a href=\"http:\/\/www.wissenschaft.de\/kultur-gesellschaft\/gesellschaft\/-\/journal_content\/56\/12054\/7293030\/Kampf-der-Giganten\/\">wissenschaft.de<\/a><\/p>\n\n\n\n<p>&nbsp;<\/p>\n\n\n\n<p>&nbsp;<\/p>","protected":false},"excerpt":{"rendered":"<\/p>","protected":false},"author":2,"featured_media":1058,"comment_status":"closed","ping_status":"closed","sticky":false,"template":"","format":"standard","meta":{"_FSMCFIC_featured_image_caption":"","_FSMCFIC_featured_image_nocaption":"","_FSMCFIC_featured_image_hide":"","footnotes":""},"categories":[1],"tags":[],"class_list":["post-1057","post","type-post","status-publish","format-standard","has-post-thumbnail","hentry","category-aktuell"],"aioseo_notices":[],"_links":{"self":[{"href":"https:\/\/www.zeitenspiegel.de\/en\/wp-json\/wp\/v2\/posts\/1057","targetHints":{"allow":["GET"]}}],"collection":[{"href":"https:\/\/www.zeitenspiegel.de\/en\/wp-json\/wp\/v2\/posts"}],"about":[{"href":"https:\/\/www.zeitenspiegel.de\/en\/wp-json\/wp\/v2\/types\/post"}],"author":[{"embeddable":true,"href":"https:\/\/www.zeitenspiegel.de\/en\/wp-json\/wp\/v2\/users\/2"}],"replies":[{"embeddable":true,"href":"https:\/\/www.zeitenspiegel.de\/en\/wp-json\/wp\/v2\/comments?post=1057"}],"version-history":[{"count":3,"href":"https:\/\/www.zeitenspiegel.de\/en\/wp-json\/wp\/v2\/posts\/1057\/revisions"}],"predecessor-version":[{"id":7954,"href":"https:\/\/www.zeitenspiegel.de\/en\/wp-json\/wp\/v2\/posts\/1057\/revisions\/7954"}],"wp:featuredmedia":[{"embeddable":true,"href":"https:\/\/www.zeitenspiegel.de\/en\/wp-json\/wp\/v2\/media\/1058"}],"wp:attachment":[{"href":"https:\/\/www.zeitenspiegel.de\/en\/wp-json\/wp\/v2\/media?parent=1057"}],"wp:term":[{"taxonomy":"category","embeddable":true,"href":"https:\/\/www.zeitenspiegel.de\/en\/wp-json\/wp\/v2\/categories?post=1057"},{"taxonomy":"post_tag","embeddable":true,"href":"https:\/\/www.zeitenspiegel.de\/en\/wp-json\/wp\/v2\/tags?post=1057"}],"curies":[{"name":"wp","href":"https:\/\/api.w.org\/{rel}","templated":true}]}}