{"id":1069,"date":"2015-05-05T17:33:00","date_gmt":"2015-05-05T17:33:00","guid":{"rendered":"http:\/\/relaunch2025.zeitenspiegel.de\/aktuelles\/allez-bouake\/"},"modified":"2015-05-05T17:33:00","modified_gmt":"2015-05-05T17:33:00","slug":"allez-bouake","status":"publish","type":"post","link":"https:\/\/www.zeitenspiegel.de\/en\/aktuell\/allez-bouake\/","title":{"rendered":"Go to Bouak\u00e9!"},"content":{"rendered":"<p><body mode=\"normal\" word-count=\"172\"><\/p>\n<p>Das gab\u2019s so noch nie: die Zusammenarbeit zweier Journalistenschulen \u00fcber zwei Kontinente hinweg. Vom 7. bis zum 22. Mai recherchieren und erarbeiten Journalistensch\u00fcler der Zeitenspiegel-Reportageschule aus Reutlingen und Journalistensch\u00fcler von Studio-\u00e9cole Mozaik aus Abidjan, Elfenbeink\u00fcste, gemeinsam Beitr\u00e4ge.<\/p>\n<p>Als Thema haben sie sich die ehemalige Rebellenkapitale Bouak\u00e9 vorgenommen: Was hat sich seit dem demokratischen Neuanfang ver\u00e4ndert? Ein Jahrzehnt lang war die Elfenbeink\u00fcste durch einen B\u00fcrgerkrieg in Nord und S\u00fcd getrennt. Welche Impulse gehen von der neuen Anbindung Bouak\u00e9s an den S\u00fcden des Landes aus? Wie lebt und tr\u00e4umt die Jugend? Wie gelingt der wirtschaftliche Aufschwung?<\/p>\n<p>Die Reutlinger Reportagesch\u00fcler werden die Ergebnisse ihrer Auslandsexkursion wie jedes Jahr im Online-Magazin <a href=\"http:\/\/www.reporterreisen.com\">Reporter reisen<\/a> ver\u00f6ffentlichen. Die ivorischen Journalistensch\u00fcler speisen ihre Radio-Features in ein Netzwerk von 40 Partnerradios ein. F\u00fcr das Projekt \u201cAllez Bouak\u00e9!\u201d tauschen beide Gruppen die Ergebnisse ihrer Arbeit und ihre Erfahrungen aus.<\/p>\n<p>Das Projekt wird finanziell unterst\u00fctzt durch die Danzer Stiftung, die<br \/>\nWiedeking Stiftung, die Stadt Reutlingen, das Goethe-Institut Abidjan<br \/>\nund die Europ\u00e4ische Union.<\/p>\n<p><a href=\"http:\/\/www.studiomozaik.org\">Studio-\u00e9cole Mozaik<\/a> wurde von Zeitenspiegel-Mitglied Tilman W\u00f6rtz gemeinsam mit ivorischen Journalisten gegr\u00fcndet.<\/p>\n<p><\/body><\/p>\n<p>&nbsp;<\/p>","protected":false},"excerpt":{"rendered":"<p>Das gab\u2019s so noch nie: die Zusammenarbeit zweier Journalistenschulen \u00fcber zwei Kontinente hinweg. Vom 7. bis zum 22. Mai recherchieren und erarbeiten Journalistensch\u00fcler der Zeitenspiegel-Reportageschule aus Reutlingen und Journalistensch\u00fcler von Studio-\u00e9cole Mozaik aus Abidjan, Elfenbeink\u00fcste, gemeinsam Beitr\u00e4ge. Als Thema haben sie sich die ehemalige Rebellenkapitale Bouak\u00e9 vorgenommen: Was hat sich seit dem demokratischen Neuanfang ver\u00e4ndert? [&hellip;]<\/p>\n","protected":false},"author":2,"featured_media":0,"comment_status":"closed","ping_status":"closed","sticky":false,"template":"","format":"standard","meta":{"_FSMCFIC_featured_image_caption":"","_FSMCFIC_featured_image_nocaption":"","_FSMCFIC_featured_image_hide":"","footnotes":""},"categories":[1],"tags":[],"class_list":["post-1069","post","type-post","status-publish","format-standard","hentry","category-aktuell"],"aioseo_notices":[],"_links":{"self":[{"href":"https:\/\/www.zeitenspiegel.de\/en\/wp-json\/wp\/v2\/posts\/1069","targetHints":{"allow":["GET"]}}],"collection":[{"href":"https:\/\/www.zeitenspiegel.de\/en\/wp-json\/wp\/v2\/posts"}],"about":[{"href":"https:\/\/www.zeitenspiegel.de\/en\/wp-json\/wp\/v2\/types\/post"}],"author":[{"embeddable":true,"href":"https:\/\/www.zeitenspiegel.de\/en\/wp-json\/wp\/v2\/users\/2"}],"replies":[{"embeddable":true,"href":"https:\/\/www.zeitenspiegel.de\/en\/wp-json\/wp\/v2\/comments?post=1069"}],"version-history":[{"count":0,"href":"https:\/\/www.zeitenspiegel.de\/en\/wp-json\/wp\/v2\/posts\/1069\/revisions"}],"wp:attachment":[{"href":"https:\/\/www.zeitenspiegel.de\/en\/wp-json\/wp\/v2\/media?parent=1069"}],"wp:term":[{"taxonomy":"category","embeddable":true,"href":"https:\/\/www.zeitenspiegel.de\/en\/wp-json\/wp\/v2\/categories?post=1069"},{"taxonomy":"post_tag","embeddable":true,"href":"https:\/\/www.zeitenspiegel.de\/en\/wp-json\/wp\/v2\/tags?post=1069"}],"curies":[{"name":"wp","href":"https:\/\/api.w.org\/{rel}","templated":true}]}}