{"id":1091,"date":"2013-07-01T14:53:00","date_gmt":"2013-07-01T14:53:00","guid":{"rendered":"http:\/\/relaunch2025.zeitenspiegel.de\/aktuelles\/neues-buch-von-anton-hunger\/"},"modified":"2025-05-09T06:10:48","modified_gmt":"2025-05-09T06:10:48","slug":"neues-buch-von-anton-hunger","status":"publish","type":"post","link":"https:\/\/www.zeitenspiegel.de\/en\/aktuell\/neues-buch-von-anton-hunger\/","title":{"rendered":"Neues Buch von Anton Hunger"},"content":{"rendered":"<p><img decoding=\"async\" src=\"https:\/\/www.zeitenspiegel.de\/wp-content\/uploads\/2025\/05\/cov_hunger_blattkritik_l.jpeg\" alt=\"Blattkritik\"\/><\/p>\n<p><img decoding=\"async\" src=\"https:\/\/www.zeitenspiegel.de\/wp-content\/uploads\/2025\/05\/cov_hunger_blattkritik_l.jpeg\" alt=\"Blattkritik\"\/><\/p>\n<p><body mode=\"normal\" word-count=\"262\"><\/p>\n<p>Anton Hunger, Zeitenspiegel-Freund und Landluft-Autor, hat ein Buch geschrieben, das im Kl\u00f6pfer &amp; Meyer-Verlag erschien und seit April im Handel ist:<br \/>\nBlattkritik. Vom Glanz und Elend der Journaille. Lesenswert!<\/p>\n<p><img decoding=\"async\" src=\"https:\/\/www.zeitenspiegel.de\/wp-content\/uploads\/2025\/05\/cov_hunger_blattkritik_l.jpeg\" alt=\"Blattkritik cov_hunger_blattkritik_l.jpeg\"\/><\/p>\n<p><strong>Die Presse, die Medien: Packend und unterhaltsam erkl\u00e4rt von einem, der sie lange und bestens kennt!<\/strong><\/p>\n<p>\u00bbRespekt f\u00fcr Anton Hungers Mut und f\u00fcr die Kraft der Darstellung: ein Trost, dass es in dieser Zunft (und \u00fcberhaupt!) welche gibt wie ihn, die sich nicht<br \/>\nbeirren lassen, das zu leben, was ich, altmodisch, gerne als Anstand zu bezeichnen pflege.\u00ab<br \/>\nEdzard Reuter, Autor, ehemaliger Daimlerchef<\/p>\n<p>\u00bbAnton Hunger, Journalist und Pressesprecher: auf beiden Seiten in der oft \u00fcberhitzen Arena des Medienzirkus spielte er den perfekten Dompteur: schlitzohrig, leidenschaftlich, hintergr\u00fcndig und<br \/>\nzuweilen verwegen. Aber immer offen und geradeheraus.<br \/>\n\u00ab Stefan Aust, langj\u00e4hriger Chefredakteur des Spiegel<\/p>\n<p>\u00bbMan muss Anton Hunger nicht in allem zustimmen, aber er legt den Finger in eine Wunde: Sein Buch, spannend und mit leichter Feder geschrieben, ist Pflichtlekt\u00fcre f\u00fcr alle politisch Interessierten, die manchmal nicht verstehen k\u00f6nnen, warum die Medien so ticken, wie sie ticken.\u00ab<br \/>\nUwe Vork\u00f6tter, langj\u00e4hriger Chefredakteur der Frankfurter Rundschau und Berliner Zeitung<\/p>\n<p>\u00bbIch habe das Buch gleich von vorn bis hinten durchschmarutzt, voller ingrimmigem Vergn\u00fcgen, wobei das Vergn\u00fcgen (Gratulation!) der kapuzinerpredigtreifen Wucht, der Ingrimm den Gegenst\u00e4nden<br \/>\n(Zust\u00e4nden) gilt, die sie zu Recht trifft. Die \u203aBlattkritik\u2039 trifft in alle m\u00f6glichen Schw\u00e4rzen, manchmal sogar in Rabenschw\u00e4rzen.\u00ab<br \/>\nGerhard Stadelmaier, Literatur- und Theaterkritiker der Frankfurter Allgemeinen Zeitung<\/p>\n<p><strong>Anton Hunger \u00b7 Blattkritik<\/strong><br \/>\n<em>Vom Glanz und Elend der Journaille<\/em><br \/>\nErscheint als Edition Hubert Kl\u00f6pfer<br \/>\nim Kl\u00f6pfer &amp; Meyer Verlag<br \/>\n248 Seiten, geb. mit Schutzumschlag<br \/>\n19,50 Euro<\/p>\n<p><\/body><\/p>\n<p>&nbsp;<\/p>","protected":false},"excerpt":{"rendered":"<p><img decoding=\"async\" src=\"https:\/\/www.zeitenspiegel.de\/image\/2\/0\/120\/5\/media\/images\/cov_hunger_blattkritik_l.jpeg\" alt=\"Blattkritik\"\/><\/p>","protected":false},"author":2,"featured_media":1136,"comment_status":"closed","ping_status":"closed","sticky":false,"template":"","format":"standard","meta":{"_FSMCFIC_featured_image_caption":"","_FSMCFIC_featured_image_nocaption":"","_FSMCFIC_featured_image_hide":"","footnotes":""},"categories":[1],"tags":[],"class_list":["post-1091","post","type-post","status-publish","format-standard","has-post-thumbnail","hentry","category-aktuell"],"aioseo_notices":[],"_links":{"self":[{"href":"https:\/\/www.zeitenspiegel.de\/en\/wp-json\/wp\/v2\/posts\/1091","targetHints":{"allow":["GET"]}}],"collection":[{"href":"https:\/\/www.zeitenspiegel.de\/en\/wp-json\/wp\/v2\/posts"}],"about":[{"href":"https:\/\/www.zeitenspiegel.de\/en\/wp-json\/wp\/v2\/types\/post"}],"author":[{"embeddable":true,"href":"https:\/\/www.zeitenspiegel.de\/en\/wp-json\/wp\/v2\/users\/2"}],"replies":[{"embeddable":true,"href":"https:\/\/www.zeitenspiegel.de\/en\/wp-json\/wp\/v2\/comments?post=1091"}],"version-history":[{"count":2,"href":"https:\/\/www.zeitenspiegel.de\/en\/wp-json\/wp\/v2\/posts\/1091\/revisions"}],"predecessor-version":[{"id":1137,"href":"https:\/\/www.zeitenspiegel.de\/en\/wp-json\/wp\/v2\/posts\/1091\/revisions\/1137"}],"wp:featuredmedia":[{"embeddable":true,"href":"https:\/\/www.zeitenspiegel.de\/en\/wp-json\/wp\/v2\/media\/1136"}],"wp:attachment":[{"href":"https:\/\/www.zeitenspiegel.de\/en\/wp-json\/wp\/v2\/media?parent=1091"}],"wp:term":[{"taxonomy":"category","embeddable":true,"href":"https:\/\/www.zeitenspiegel.de\/en\/wp-json\/wp\/v2\/categories?post=1091"},{"taxonomy":"post_tag","embeddable":true,"href":"https:\/\/www.zeitenspiegel.de\/en\/wp-json\/wp\/v2\/tags?post=1091"}],"curies":[{"name":"wp","href":"https:\/\/api.w.org\/{rel}","templated":true}]}}