{"id":1121,"date":"2013-11-28T12:08:00","date_gmt":"2013-11-28T12:08:00","guid":{"rendered":"http:\/\/relaunch2025.zeitenspiegel.de\/aktuelles\/hansel-mieth-preis-2014-jetzt-ausgeschrieben\/"},"modified":"2013-11-28T12:08:00","modified_gmt":"2013-11-28T12:08:00","slug":"hansel-mieth-preis-2014-jetzt-ausgeschrieben","status":"publish","type":"post","link":"https:\/\/www.zeitenspiegel.de\/en\/aktuell\/hansel-mieth-preis-2014-jetzt-ausgeschrieben\/","title":{"rendered":"Hansel-Mieth-Preis 2014 jetzt ausgeschrieben"},"content":{"rendered":"<p><body mode=\"normal\" word-count=\"22\"><\/p>\n<p>Die Teilnahmeformulare f\u00fcr den Hansel-Mieth-Preis und das Gabriel-Gr\u00fcner-Stipendium 2014 stehen ab sofort zum Download bereit.<\/p>\n<p><a href=\"https:\/\/www.zeitenspiegel.de\/de\/preis\/der-hansel-mieth-preis\/\"><em>Weiter zum Hansel-Mieth-Preis 2014<\/em><\/a><\/p>\n<p><a href=\"https:\/\/www.zeitenspiegel.de\/de\/preis\/gabriel-gruener-stipendium\/\"><em>Weiter zum Gabriel-Gr\u00fcner-Stipendium 2014<\/em><\/a><\/p>\n<p><\/body><\/p>\n<p>&nbsp;<\/p>","protected":false},"excerpt":{"rendered":"<p>Die Teilnahmeformulare f\u00fcr den Hansel-Mieth-Preis und das Gabriel-Gr\u00fcner-Stipendium 2014 stehen ab sofort zum Download bereit. Weiter zum Hansel-Mieth-Preis 2014 Weiter zum Gabriel-Gr\u00fcner-Stipendium 2014 &nbsp;<\/p>","protected":false},"author":2,"featured_media":0,"comment_status":"closed","ping_status":"closed","sticky":false,"template":"","format":"standard","meta":{"_FSMCFIC_featured_image_caption":"","_FSMCFIC_featured_image_nocaption":"","_FSMCFIC_featured_image_hide":"","footnotes":""},"categories":[1],"tags":[],"class_list":["post-1121","post","type-post","status-publish","format-standard","hentry","category-aktuell"],"aioseo_notices":[],"_links":{"self":[{"href":"https:\/\/www.zeitenspiegel.de\/en\/wp-json\/wp\/v2\/posts\/1121","targetHints":{"allow":["GET"]}}],"collection":[{"href":"https:\/\/www.zeitenspiegel.de\/en\/wp-json\/wp\/v2\/posts"}],"about":[{"href":"https:\/\/www.zeitenspiegel.de\/en\/wp-json\/wp\/v2\/types\/post"}],"author":[{"embeddable":true,"href":"https:\/\/www.zeitenspiegel.de\/en\/wp-json\/wp\/v2\/users\/2"}],"replies":[{"embeddable":true,"href":"https:\/\/www.zeitenspiegel.de\/en\/wp-json\/wp\/v2\/comments?post=1121"}],"version-history":[{"count":0,"href":"https:\/\/www.zeitenspiegel.de\/en\/wp-json\/wp\/v2\/posts\/1121\/revisions"}],"wp:attachment":[{"href":"https:\/\/www.zeitenspiegel.de\/en\/wp-json\/wp\/v2\/media?parent=1121"}],"wp:term":[{"taxonomy":"category","embeddable":true,"href":"https:\/\/www.zeitenspiegel.de\/en\/wp-json\/wp\/v2\/categories?post=1121"},{"taxonomy":"post_tag","embeddable":true,"href":"https:\/\/www.zeitenspiegel.de\/en\/wp-json\/wp\/v2\/tags?post=1121"}],"curies":[{"name":"wp","href":"https:\/\/api.w.org\/{rel}","templated":true}]}}