{"id":1122,"date":"2013-11-13T07:01:00","date_gmt":"2013-11-13T07:01:00","guid":{"rendered":"http:\/\/relaunch2025.zeitenspiegel.de\/aktuelles\/antonia-zennaro-nominiert-fuer-fotobuchpreis\/"},"modified":"2013-11-13T07:01:00","modified_gmt":"2013-11-13T07:01:00","slug":"antonia-zennaro-nominiert-fuer-fotobuchpreis","status":"publish","type":"post","link":"https:\/\/www.zeitenspiegel.de\/en\/aktuell\/antonia-zennaro-nominiert-fuer-fotobuchpreis\/","title":{"rendered":"Antonia Zennaro nominiert f\u00fcr Fotobuchpreis"},"content":{"rendered":"<p><body mode=\"normal\" word-count=\"198\"><\/p>\n<p>Zeitenspiegel-Fotografin Antonia Zennaro wurde f\u00fcr ihr Werk \u00fcber die Hamburger Reeperbahn f\u00fcr den Deutschen Fotobuchpreis 2014 nominiert.<\/p>\n<p>Ende 2013 werden ihre Aufnahmen gemeinsam mit den pr\u00e4mierten und anderen nominierten im Rahmen einer <a href=\"http:\/\/www.deutscher-fotobuchpreis.de\/html\/home.htm\">Wanderausstellung<\/a> in verschiedenen St\u00e4dten gezeigt.<\/p>\n<p>Zum Buch:<\/p>\n<p>Die Reeperbahn erlebt einen tiefgreifenden wirtschaftlichen und sozialen Wandel; der \u201cKiez\u201d ist nicht mehr das, was er einmal war. Alteingesessene Charaktere sterben weg, und die Clubs und Bars, die den Mythos des Rotlichtviertels einst begr\u00fcndeten, m\u00fcssen schlie\u00dfen. Das gro\u00dfe Geld liegt nicht mehr auf der Stra\u00dfe sondern in den Immobilien.<\/p>\n<p>Und doch findet man sie noch, die Tresen und Hinterzimmer, die den Lauf der Zeit ignorieren. Nischen, in denen die Zeit stehengeblieben zu sein scheint. Und hier kann man sie treffen, die Gl\u00fccksritter von einst, die heute schwer arbeiten m\u00fcssen f\u00fcr ihr Bier und ihre Zigaretten.<\/p>\n<p>Drei Jahre lang hat sich Antonia Zennaro in Hamburgs Rotlichtviertel auf die Suche nach den Menschen gemacht, die den Mythos \u201cReeperbahn\u201d einst mitbegr\u00fcndeten. Mit ihrer Linhoff-Gro\u00dfbildkamera hat sie die Menschen festgehalten, die hier einst das schnelle Geld witterten. Und denen kaum etwas geblieben ist, au\u00dfer der Erinnerung. Die Bilder, die sie mitgebracht hat, erz\u00e4hlen von Verletzlichkeit und Verlust genauso wie von Stolz und Trotz.<\/p>\n<p><\/body><\/p>\n<p>&nbsp;<\/p>","protected":false},"excerpt":{"rendered":"<p>Zeitenspiegel-Fotografin Antonia Zennaro wurde f\u00fcr ihr Werk \u00fcber die Hamburger Reeperbahn f\u00fcr den Deutschen Fotobuchpreis 2014 nominiert. Ende 2013 werden ihre Aufnahmen gemeinsam mit den pr\u00e4mierten und anderen nominierten im Rahmen einer Wanderausstellung in verschiedenen St\u00e4dten gezeigt. Zum Buch: Die Reeperbahn erlebt einen tiefgreifenden wirtschaftlichen und sozialen Wandel; der \u201cKiez\u201d ist nicht mehr das, was [&hellip;]<\/p>\n","protected":false},"author":2,"featured_media":0,"comment_status":"closed","ping_status":"closed","sticky":false,"template":"","format":"standard","meta":{"_FSMCFIC_featured_image_caption":"","_FSMCFIC_featured_image_nocaption":"","_FSMCFIC_featured_image_hide":"","footnotes":""},"categories":[1],"tags":[],"class_list":["post-1122","post","type-post","status-publish","format-standard","hentry","category-aktuell"],"aioseo_notices":[],"_links":{"self":[{"href":"https:\/\/www.zeitenspiegel.de\/en\/wp-json\/wp\/v2\/posts\/1122","targetHints":{"allow":["GET"]}}],"collection":[{"href":"https:\/\/www.zeitenspiegel.de\/en\/wp-json\/wp\/v2\/posts"}],"about":[{"href":"https:\/\/www.zeitenspiegel.de\/en\/wp-json\/wp\/v2\/types\/post"}],"author":[{"embeddable":true,"href":"https:\/\/www.zeitenspiegel.de\/en\/wp-json\/wp\/v2\/users\/2"}],"replies":[{"embeddable":true,"href":"https:\/\/www.zeitenspiegel.de\/en\/wp-json\/wp\/v2\/comments?post=1122"}],"version-history":[{"count":0,"href":"https:\/\/www.zeitenspiegel.de\/en\/wp-json\/wp\/v2\/posts\/1122\/revisions"}],"wp:attachment":[{"href":"https:\/\/www.zeitenspiegel.de\/en\/wp-json\/wp\/v2\/media?parent=1122"}],"wp:term":[{"taxonomy":"category","embeddable":true,"href":"https:\/\/www.zeitenspiegel.de\/en\/wp-json\/wp\/v2\/categories?post=1122"},{"taxonomy":"post_tag","embeddable":true,"href":"https:\/\/www.zeitenspiegel.de\/en\/wp-json\/wp\/v2\/tags?post=1122"}],"curies":[{"name":"wp","href":"https:\/\/api.w.org\/{rel}","templated":true}]}}