{"id":1124,"date":"2013-09-30T08:24:00","date_gmt":"2013-09-30T08:24:00","guid":{"rendered":"http:\/\/relaunch2025.zeitenspiegel.de\/aktuelles\/zeitenspiegel-bei-tagung-opfer-und-medien\/"},"modified":"2025-05-09T06:10:47","modified_gmt":"2025-05-09T06:10:47","slug":"zeitenspiegel-bei-tagung-opfer-und-medien","status":"publish","type":"post","link":"https:\/\/www.zeitenspiegel.de\/en\/aktuell\/zeitenspiegel-bei-tagung-opfer-und-medien\/","title":{"rendered":"Zeitenspiegel bei Tagung &#8222;Opfer und Medien&#8220;"},"content":{"rendered":"<p><body mode=\"normal\" word-count=\"170\"><\/p>\n<p>Am 18. und 19. Oktober 2013 veranstaltet die Evangelische Akademie in Bad Boll eine Tagung zum Thema \u201cOpfer und Medien\u201d, die von den Zeitenspiegel-Autoren Ingrid Ei\u00dfele und Rainer N\u00fcbel in Zusammenarbeit mit Opfer-Anwalt Jens Rabe und der Diplomp\u00e4dagogin Tina Neubauer angeregt wurde. Hier sollen nicht nur Medienvertreter, Juristen, Psychologen und Opferschutz zu Wort kommen, sondern auch die Betroffenen selbst, die die Medien auf unterschiedliche Weise erlebten, etwa nach dem Amoklauf von Winnenden oder dem Missbrauchs-Skandal um die Odenwaldschule. Einige f\u00fchlten sich hilflos ausgeliefert und erlitten, was Psychologen eine \u201ezweite Viktimisierung\u201c nennen. Andere schafften es, sich mit Hilfe der Berichterstattung Respekt und Geh\u00f6r zu verschaffen.<\/p>\n<p>Vor allem die Letzteren stehen im Mittelpunkt dieser interdisziplin\u00e4renTagung, die sich besonders an Journalisten, Anw\u00e4lte, Juristen, Sozialp\u00e4dagogen, Fachberater und Zeugenbegleiter richtet. Ziel ist es, in intensiven Gespr\u00e4chen mit den Betroffenen herauszuarbeiten, was ihnen geschadet hat, aber auch, was ihnen geholfen hat, respektvoll und verst\u00e4ndnisvoll behandelt zu werden und damit Schock und Trauma besser verarbeiten zu k\u00f6nnen.<\/p>\n<p>Wer Interesse an einer Teilnahme hat, findet hier weitere Informationen:<\/p>\n<p><a href=\"http:\/\/www.ev-akademie-boll.de\/index.php?id=142&amp;tagungsid=520913\">Anmeldung<\/a><\/p>\n<p><\/body><\/p>\n<p>&nbsp;<\/p>","protected":false},"excerpt":{"rendered":"<p>Am 18. und 19. Oktober 2013 veranstaltet die Evangelische Akademie in Bad Boll eine Tagung zum Thema \u201cOpfer und Medien\u201d, die von den Zeitenspiegel-Autoren Ingrid Ei\u00dfele und Rainer N\u00fcbel in Zusammenarbeit mit Opfer-Anwalt Jens Rabe und der Diplomp\u00e4dagogin Tina Neubauer angeregt wurde. Hier sollen nicht nur Medienvertreter, Juristen, Psychologen und Opferschutz zu Wort kommen, sondern [&hellip;]<\/p>\n","protected":false},"author":2,"featured_media":0,"comment_status":"closed","ping_status":"closed","sticky":false,"template":"","format":"standard","meta":{"_FSMCFIC_featured_image_caption":"","_FSMCFIC_featured_image_nocaption":"","_FSMCFIC_featured_image_hide":"","footnotes":""},"categories":[1],"tags":[],"class_list":["post-1124","post","type-post","status-publish","format-standard","hentry","category-aktuell"],"aioseo_notices":[],"_links":{"self":[{"href":"https:\/\/www.zeitenspiegel.de\/en\/wp-json\/wp\/v2\/posts\/1124","targetHints":{"allow":["GET"]}}],"collection":[{"href":"https:\/\/www.zeitenspiegel.de\/en\/wp-json\/wp\/v2\/posts"}],"about":[{"href":"https:\/\/www.zeitenspiegel.de\/en\/wp-json\/wp\/v2\/types\/post"}],"author":[{"embeddable":true,"href":"https:\/\/www.zeitenspiegel.de\/en\/wp-json\/wp\/v2\/users\/2"}],"replies":[{"embeddable":true,"href":"https:\/\/www.zeitenspiegel.de\/en\/wp-json\/wp\/v2\/comments?post=1124"}],"version-history":[{"count":1,"href":"https:\/\/www.zeitenspiegel.de\/en\/wp-json\/wp\/v2\/posts\/1124\/revisions"}],"predecessor-version":[{"id":1131,"href":"https:\/\/www.zeitenspiegel.de\/en\/wp-json\/wp\/v2\/posts\/1124\/revisions\/1131"}],"wp:attachment":[{"href":"https:\/\/www.zeitenspiegel.de\/en\/wp-json\/wp\/v2\/media?parent=1124"}],"wp:term":[{"taxonomy":"category","embeddable":true,"href":"https:\/\/www.zeitenspiegel.de\/en\/wp-json\/wp\/v2\/categories?post=1124"},{"taxonomy":"post_tag","embeddable":true,"href":"https:\/\/www.zeitenspiegel.de\/en\/wp-json\/wp\/v2\/tags?post=1124"}],"curies":[{"name":"wp","href":"https:\/\/api.w.org\/{rel}","templated":true}]}}