{"id":1127,"date":"2013-10-03T15:05:00","date_gmt":"2013-10-03T15:05:00","guid":{"rendered":"http:\/\/relaunch2025.zeitenspiegel.de\/aktuelles\/abschlussfeier-der-reportageschule\/"},"modified":"2025-05-09T06:10:47","modified_gmt":"2025-05-09T06:10:47","slug":"abschlussfeier-der-reportageschule","status":"publish","type":"post","link":"https:\/\/www.zeitenspiegel.de\/en\/aktuell\/abschlussfeier-der-reportageschule\/","title":{"rendered":"Abschlussfeier der Reportageschule"},"content":{"rendered":"<p><img decoding=\"async\" src=\"https:\/\/www.zeitenspiegel.de\/wp-content\/uploads\/2025\/05\/reportageschule01.jpg\" alt=\"Reportageschule Abschlussfeier 2013\"\/><br \/><em>Der 8. Lehrgangs der Zeitenspiegel-Reportageschule G\u00fcnter Dahl. | Foto: Samantha Franson<\/em><\/p>\n<p>Zeitenspiegel-Reportageschule G\u00fcnter Dahl verabschiedet den 8. und begr\u00fc\u00dft den 9. Lehrgang<\/p>\n<p><img decoding=\"async\" src=\"https:\/\/www.zeitenspiegel.de\/wp-content\/uploads\/2025\/05\/reportageschule01.jpg\" alt=\"Reportageschule Abschlussfeier 2013\"\/><br \/><em>Der 8. Lehrgangs der Zeitenspiegel-Reportageschule G\u00fcnter Dahl. | Foto: Samantha Franson<\/em><\/p>\n<p><body mode=\"normal\" word-count=\"313\"><\/p>\n<p>Einhundertsechsunddrei\u00dfig Seiten \u00fcber Stille? Unm\u00f6glich! Die zw\u00f6lf Teilnehmer des 8. Lehrgangs der Zeitenspiegel-Reportageschule G\u00fcnter Dahl stie\u00dfen mit ihrer Idee f\u00fcr das Abschluss-Magazin \u201cGO\u201d auf Widerst\u00e4nde. Egal, sie glaubten an ihr Thema, die Stille, und machten sich, gemeinsam mit Fotografie-Studenten der Hochschule Hannover, an die Arbeit. Das Ergebnis gibt ihnen Recht: Die 8. Ausgabe des \u201cGO\u201d-Magazins, die sie zur Abschlussfeier am 27. September in Reutlingen vorlegten, enth\u00e4lt Geschichten, die den Oberbegriff immer wieder \u00fcberraschend wenden. Sie erz\u00e4hlen vom Ostsee-Eiland Ummanz, das mit Pl\u00e4nen f\u00fcr Massentourismus ringt. Von der Stadt Vukovar, in der Serben und Kroaten bis heute kaum aufeinander zugehen. Oder von einem einsamen Marsch durch Schnee und Eis auf 4554 Meter, zur h\u00f6chstgelegenen Schutzh\u00fctte Europas.<\/p>\n<p>Die Hamburger Journalistin Silke Burmester lobte in ihrer Rede neben der Arbeit der Absolventen selbst auch deren Mut zu einem Thema, das die meisten Medien meiden. \u201cIhr habt etwas gewagt\u201d, sagte sie \u2013 und betonte, dass sie die Bereitschaft, Risiken einzugehen, bei vielen Journalisten vermisse. Ideenlosigkeit sei einer der Gr\u00fcnde f\u00fcr die Branchenkrise. \u201cMeckert, mosert, fordert ein! Es ist zu eurem Besten\u201d, schloss Burmester. \u00c4hnlich sah es auch der Publizist Anton Hunger, der in seiner Rede die zunehmende Boulevardisierung der Medien verurteilte. Er w\u00fcnsche sich einen Journalismus \u201cmit Augenma\u00df, Misstrauen, R\u00fcckgrat und, wenn n\u00f6tig, Verweigerung\u201d.<\/p>\n<p>Rund 150 G\u00e4ste waren der Einladung zur Abschlussfeier in den R\u00e4umen der VHS Reutlingen gefolgt. Unter den G\u00e4sten waren auch Renate von Samson-Himmelstjerna und Nikolaus Dahl, die Kinder des 2004 verstorbenen stern-Journalisten G\u00fcnter Dahl, der in diesem Jahr 90 Jahre alt geworden w\u00e4re. Der Kuratoriumsvorsitzende der Reportageschule Edzard Reuter widmete die diesj\u00e4hrige Abschlussfeier dem Namensgeber der Schule.<\/p>\n<p>Nach der Pr\u00e4sentation servierte der kommende, 9. Jahrgang den G\u00e4sten sein erstes gemeinschaftliches Werk: \u201cOchsenb\u00e4ckchen in Trollingerso\u00dfe\u201d aus der legend\u00e4ren Kippbratpfanne des Hobbykochs und p\u00e4dagogischen Schulleiters Philipp Mau\u00dfhardt. Am 1. Oktober startete der Lehrgang mit zw\u00f6lf Sch\u00fclern aus Deutschland, der Schweiz und Italien seine einj\u00e4hrige Ausbildung in Reutlingen.<\/p>\n<p><img decoding=\"async\" src=\"https:\/\/www.zeitenspiegel.de\/wp-content\/uploads\/2025\/05\/reportageschule01.jpg\" alt=\"Reportageschule\u2026 reportageschule01.jpg\"\/><\/p>\n<p><img decoding=\"async\" src=\"https:\/\/www.zeitenspiegel.de\/wp-content\/uploads\/2025\/05\/reportageschule02.jpg\" alt=\"Reportageschule\u2026 reportageschule02.jpg\"\/><\/p>\n<p><\/body><\/p>\n<p>&nbsp;<\/p>","protected":false},"excerpt":{"rendered":"<p><img decoding=\"async\" src=\"https:\/\/www.zeitenspiegel.de\/image\/2\/0\/120\/5\/media\/images\/reportageschule01.jpg\" alt=\"Reportageschule Abschlussfeier 2013\"\/><br \/><em>Der 8. Lehrgangs der Zeitenspiegel-Reportageschule G\u00fcnter Dahl. | Foto: Samantha Franson<\/em><\/p>\n<p>Zeitenspiegel-Reportageschule G\u00fcnter Dahl verabschiedet den 8. und begr\u00fc\u00dft den 9. Lehrgang<\/p>","protected":false},"author":2,"featured_media":1128,"comment_status":"closed","ping_status":"closed","sticky":false,"template":"","format":"standard","meta":{"_FSMCFIC_featured_image_caption":"","_FSMCFIC_featured_image_nocaption":"","_FSMCFIC_featured_image_hide":"","footnotes":""},"categories":[1],"tags":[],"class_list":["post-1127","post","type-post","status-publish","format-standard","has-post-thumbnail","hentry","category-aktuell"],"aioseo_notices":[],"_links":{"self":[{"href":"https:\/\/www.zeitenspiegel.de\/en\/wp-json\/wp\/v2\/posts\/1127","targetHints":{"allow":["GET"]}}],"collection":[{"href":"https:\/\/www.zeitenspiegel.de\/en\/wp-json\/wp\/v2\/posts"}],"about":[{"href":"https:\/\/www.zeitenspiegel.de\/en\/wp-json\/wp\/v2\/types\/post"}],"author":[{"embeddable":true,"href":"https:\/\/www.zeitenspiegel.de\/en\/wp-json\/wp\/v2\/users\/2"}],"replies":[{"embeddable":true,"href":"https:\/\/www.zeitenspiegel.de\/en\/wp-json\/wp\/v2\/comments?post=1127"}],"version-history":[{"count":1,"href":"https:\/\/www.zeitenspiegel.de\/en\/wp-json\/wp\/v2\/posts\/1127\/revisions"}],"predecessor-version":[{"id":1130,"href":"https:\/\/www.zeitenspiegel.de\/en\/wp-json\/wp\/v2\/posts\/1127\/revisions\/1130"}],"wp:featuredmedia":[{"embeddable":true,"href":"https:\/\/www.zeitenspiegel.de\/en\/wp-json\/wp\/v2\/media\/1128"}],"wp:attachment":[{"href":"https:\/\/www.zeitenspiegel.de\/en\/wp-json\/wp\/v2\/media?parent=1127"}],"wp:term":[{"taxonomy":"category","embeddable":true,"href":"https:\/\/www.zeitenspiegel.de\/en\/wp-json\/wp\/v2\/categories?post=1127"},{"taxonomy":"post_tag","embeddable":true,"href":"https:\/\/www.zeitenspiegel.de\/en\/wp-json\/wp\/v2\/tags?post=1127"}],"curies":[{"name":"wp","href":"https:\/\/api.w.org\/{rel}","templated":true}]}}