{"id":1134,"date":"2013-08-19T05:14:00","date_gmt":"2013-08-19T05:14:00","guid":{"rendered":"http:\/\/relaunch2025.zeitenspiegel.de\/aktuelles\/magnum-ausstellung-in-osnabrueck\/"},"modified":"2013-08-19T05:14:00","modified_gmt":"2013-08-19T05:14:00","slug":"magnum-ausstellung-in-osnabrueck","status":"publish","type":"post","link":"https:\/\/www.zeitenspiegel.de\/en\/aktuell\/magnum-ausstellung-in-osnabrueck\/","title":{"rendered":"MAGNUM-Ausstellung in Osnabr\u00fcck"},"content":{"rendered":"<p><body mode=\"normal\" word-count=\"309\"><\/p>\n<p>Vom 8. August wird im Erich Maria Remarque-Friedenszentrum (bis 28. Oktober) und im Kulturgeschichtlichen Museum\/Felix-Nussbaum-Haus (bis 29. September) die Fotoausstellung \u201cWounds of the World \u2013 Wunden der Welt\u201d gezeigt &#8211; Aufnahmen von Fotografen der renommierten Agentur Magnum, aus gew\u00e4hlt von Absolventen der Zeitenspiegel-Reportageschule G\u00fcnter Dahl.<\/p>\n<p>Bei der Ausstellungser\u00f6ffnung im Erich Maria Remarque-Friedenszentrum am Donnerstag, 8. August, 18 Uhr, wird B\u00fcrgermeister Burkhard Jasper f\u00fcr die Stadt Osnabr\u00fcck ein Gru\u00dfwort sprechen. Eine inhaltliche Einf\u00fchrung in die Ausstellung gibt Zeitenspiegler Mathias Becker als Projektleiter.<\/p>\n<p>Magnum Photos schickt sein Archiv zum ersten Mal in Form einer p\u00e4dagogischen Ausstellung auf Reisen: \u201cWunden der Welt\u201d zeigt 53 der wichtigsten Magnum-Arbeiten aus sechs Jahrzehnten Kriegs- und Krisenfotografie. Die Geschichten hinter den Bildern haben Absolventen der Zeitenspiegel-Reportageschule in Reutlingen aufgeschrieben.<\/p>\n<p>Unabh\u00e4ngig wollten sie sein, nur der Wahrheit verpflichtet: 1947 gr\u00fcndeten Robert Capa, George Rodger, David Seymour und Henri Cartier-Bresson die Agentur Magnam Photos. Bis heute steht dieser Name f\u00fcr das Streben, die Wirklichkeit mit der Kamera zu erfassen und zu verstehen.<\/p>\n<p>Ob in Vietnam, Ruanda oder Irak, ob in Beirut, Sarajewo oder Kairo: Magnum-Fotografen waren und sind Augenzeugen der Umbr\u00fcche, der \u201cWunden der Welt\u201d, so Henri Cartier-Bresson. Nicht selten definieren ihre Aufnahmen die Erinnerung an die j\u00fcngere Geschichte.<\/p>\n<p>Fotografien von folgenden Magnum-Fotografen sind zu sehen:<br \/>\nAbbas, Micha Bar-Am, Bruno Barbey, Werner Bischof, Ren\u00e9 Burri, Robert Capa, Raymond Depardon, Thomas Dworzak, Cristina Garcia Rodero, Jean Gaumy, Burt Glinn, Philip Jones Griffiths, Thomas Hoepker, Josef Koudelka, Alex Majoli, Peter Marlow, Steve McCurry, Susan Meiselas, Paolo Pellegrin, Mark Power, Mark Riboud, Moises Saman, David \u2018Chim\u2019 Seymour, Kryn Taconis, Larry Towell, Peter Van Agtmael und Alex Webb.<\/p>\n<p>Die Ausstellung wird von einem Katalog begleitet, in dem alle gezeigten Fotografien abgedruckt sind. Texte zu Fotos, Fotografen und Konflikten betten die Bilder in ihren Kontext ein. Essays beleuchten Geschichte, Wirkung und Funktion der Kriegsfotografie sowie das Rollenverst\u00e4ndnis der Magnum-Fotografen.<\/p>\n<p>Felix-Nussbaum-Haus \/ Kulturgeschichtliches Museum<br \/>\nLotter Stra\u00dfe 2<br \/>\n49078 Osnabr\u00fcck<br \/>\nTelefon 0541 323-2207<\/p>\n<p>Erich Maria Remarque-Friedenszentrum<br \/>\nMarkt 6<br \/>\n49074 Osnabr\u00fcck<br \/>\nTelefon 0541 323-2109<\/p>\n<p><\/body><\/p>\n<p>&nbsp;<\/p>","protected":false},"excerpt":{"rendered":"<p>Vom 8. August wird im Erich Maria Remarque-Friedenszentrum (bis 28. Oktober) und im Kulturgeschichtlichen Museum\/Felix-Nussbaum-Haus (bis 29. September) die Fotoausstellung \u201cWounds of the World \u2013 Wunden der Welt\u201d gezeigt &#8211; Aufnahmen von Fotografen der renommierten Agentur Magnum, aus gew\u00e4hlt von Absolventen der Zeitenspiegel-Reportageschule G\u00fcnter Dahl. Bei der Ausstellungser\u00f6ffnung im Erich Maria Remarque-Friedenszentrum am Donnerstag, 8. [&hellip;]<\/p>\n","protected":false},"author":2,"featured_media":0,"comment_status":"closed","ping_status":"closed","sticky":false,"template":"","format":"standard","meta":{"_FSMCFIC_featured_image_caption":"","_FSMCFIC_featured_image_nocaption":"","_FSMCFIC_featured_image_hide":"","footnotes":""},"categories":[1],"tags":[],"class_list":["post-1134","post","type-post","status-publish","format-standard","hentry","category-aktuell"],"aioseo_notices":[],"_links":{"self":[{"href":"https:\/\/www.zeitenspiegel.de\/en\/wp-json\/wp\/v2\/posts\/1134","targetHints":{"allow":["GET"]}}],"collection":[{"href":"https:\/\/www.zeitenspiegel.de\/en\/wp-json\/wp\/v2\/posts"}],"about":[{"href":"https:\/\/www.zeitenspiegel.de\/en\/wp-json\/wp\/v2\/types\/post"}],"author":[{"embeddable":true,"href":"https:\/\/www.zeitenspiegel.de\/en\/wp-json\/wp\/v2\/users\/2"}],"replies":[{"embeddable":true,"href":"https:\/\/www.zeitenspiegel.de\/en\/wp-json\/wp\/v2\/comments?post=1134"}],"version-history":[{"count":0,"href":"https:\/\/www.zeitenspiegel.de\/en\/wp-json\/wp\/v2\/posts\/1134\/revisions"}],"wp:attachment":[{"href":"https:\/\/www.zeitenspiegel.de\/en\/wp-json\/wp\/v2\/media?parent=1134"}],"wp:term":[{"taxonomy":"category","embeddable":true,"href":"https:\/\/www.zeitenspiegel.de\/en\/wp-json\/wp\/v2\/categories?post=1134"},{"taxonomy":"post_tag","embeddable":true,"href":"https:\/\/www.zeitenspiegel.de\/en\/wp-json\/wp\/v2\/tags?post=1134"}],"curies":[{"name":"wp","href":"https:\/\/api.w.org\/{rel}","templated":true}]}}