{"id":1166,"date":"2013-03-22T13:39:00","date_gmt":"2013-03-22T13:39:00","guid":{"rendered":"http:\/\/relaunch2025.zeitenspiegel.de\/aktuelles\/neues-landluft-magazin-von-zeitenspiegel\/"},"modified":"2025-05-09T06:10:54","modified_gmt":"2025-05-09T06:10:54","slug":"neues-landluft-magazin-von-zeitenspiegel","status":"publish","type":"post","link":"https:\/\/www.zeitenspiegel.de\/en\/aktuell\/neues-landluft-magazin-von-zeitenspiegel\/","title":{"rendered":"Neues LANDLUFT-Magazin von Zeitenspiegel"},"content":{"rendered":"<p><img decoding=\"async\" src=\"https:\/\/www.zeitenspiegel.de\/wp-content\/uploads\/2025\/05\/llrm02_startbild.jpg\" alt=\"Landluft Remstal 2 Startbild\"\/><br \/><em>Das neue Landluft Remstal. Ab 23. M\u00e4rz am Kiosk. | Foto: Christoph Schmidt<\/em><\/p>\n<p><img decoding=\"async\" src=\"https:\/\/www.zeitenspiegel.de\/wp-content\/uploads\/2025\/05\/llrm02_startbild.jpg\" alt=\"Landluft Remstal 2 Startbild\"\/><br \/><em>Das neue Landluft Remstal. Ab 23. M\u00e4rz am Kiosk. | Foto: Christoph Schmidt<\/em><\/p>\n<p><body mode=\"normal\" word-count=\"466\"><\/p>\n<p>Vom Kampf der Drachen und<br \/>\neinem Landei, das New York erobert<\/p>\n<p>\u201eDer beste Illustrator unserer Zeit ist ein Deutscher, der in Berlin lebt, aber vor allem f\u00fcr New York arbeitet\u201c, schreibt die \u201cFAZ\u201d \u00fcber Christoph Niemann. Was sie nicht schreibt: Der Mann stammt aus Waiblingen \u2013 nachzulesen im neuen LANDLUFT Remstal-Magazin, der Ausgabe Nr. 2. 188 Seiten stark, knapp 700 Gramm schwer: Seit Samstag gibt es das Heft der Weinst\u00e4dter Agentur \u201eZeitenspiegel Reportagen\u201c im Zeitschriften- und Buchhandel. Pr\u00e4sentiert wird es beim gro\u00dfen LANDLUFT-Fest am Samstag, 13. April, in der Waiblinger Innenstadt.<\/p>\n<p>Mehr als 30 Reportagen, Interviews und Portr\u00e4ts enth\u00e4lt die neue Ausgabe von LANDLUFT Remstal-Magazin. Verantwortlich zeichnen Journalisten und Fotografen von der Weinst\u00e4dter Agentur Zeitenspiegel, die sonst f\u00fcr gro\u00dfe Publikumszeitschriften wie STERN, GEO, SPIEGEL und BRIGITTE arbeiten. F\u00fcr Gastbeitr\u00e4ge konnten Weinpapst Stuart Pigott gewonnen werden, der neuerdings auch Trollinger trinkt, und Alfred Biolek, den die Redaktion in Waiblingen getroffen hat und der von seiner Jugend im Remstal erz\u00e4hlt.<\/p>\n<p><img decoding=\"async\" src=\"https:\/\/www.zeitenspiegel.de\/wp-content\/uploads\/2025\/05\/llrm02_startbild.jpg\" alt=\"Landluft Remstal 2\u2026llrm02_startbild.jpg\"\/><\/p>\n<p>Inspiriert von den Worten des Dichters Oskar Maria Graf \u201eProvinziell muss die Welt sein. Dann ist sie gro\u00dfartig\u201c, wollen die Zeitenspiegel-Leute ihrer Heimat ein Denkmal setzen. In LANDLUFT geht es nicht um wei\u00dfe Sandstr\u00e4nde und die Palmen der Karibik, sondern um idyllische Badeseen im Welzheimer Wald. Es werden keine exotischen Safaris in Afrika beschrieben, sondern Eseltrekking mit Kind und Kegel im Schurwald. Und es wird das Hohelied der Hausschlachtung gesungen statt im Gourmettempel zu speisen.<\/p>\n<p>Im kalten Januar haben die Autoren mitgefroren, als hundert Unverfrorene zum Winterschwimmen in die Rems gesprungen sind, und beim Drachenbootrennen im Juli mitgefiebert, wer das Rennen macht. Bei Hartmut Jenner, Chef des Weltunternehmens K\u00e4rcher, haben sie erfahren, dass er lieber Traktor als Porsche f\u00e4hrt. Und Konz-Chefin Monika Sch\u00f6llhammer hat ihnen erz\u00e4hlt, dass sie lieber eine Fliesenlegerlehre gemacht h\u00e4tte als BWL studiert.<\/p>\n<p>Sie haben von Udo Lindenbergs Gitarrist Hannes Bauer geh\u00f6rt, wie man einem Eierschneider \u201eH\u00e4nschen klein\u201c entlocken kann und sind zwischendurch in Waiblingen-Neustadt dem Komo begegnet, einem Helden des Alltags, der mit einem kleinen Verein seit einem Vierteljahrhundert effizient Entwicklungshilfe leistet.<\/p>\n<p>Versteht sich, dass auch die staatstragende Bedeutung von Rostbraten und Sp\u00e4tzle in diesem Heft beleuchtet wird und die von Weinbergen und Streuobstwiesen gepr\u00e4gte Landschaft nicht zu kurz kommt. Das komplette Remstal samt Welzheimer Wald gibt es au\u00dferdem auf einer ausklappbaren Karte in der Heftmitte. Dazu mehr als 150 Veranstaltungstermine und Freizeittipps f\u00fcr das Jahr 2013.<\/p>\n<p>Gro\u00dfes Landluft-Fest am 13. April in Waiblingen<\/p>\n<p>Der \u00d6ffentlichkeit wird Landluft Nr. 2 am Samstag, 13. April, von 10.30 bis 12 Uhr in der Innenstadt in Waiblingen pr\u00e4sentiert (am Alten Postplatz). Durch die Veranstaltung f\u00fchrt Bernadette Schoog vom SWR, die die Protagonisten des Heftes sowie den Waiblinger Oberb\u00fcrgermeister Andreas Hesky interviewt. Und mit dabei: die Hannes Bauer Band. Die Gruppe des Gitarristen von Udo Lindenberg wird den Postplatz rocken.<\/p>\n<p>Bei R\u00fcckfragen:<\/p>\n<p>Sigrid Kr\u00fcgel<\/p>\n<p>Zeitenspiegel Reportages Reinhardt &amp; Partner<\/p>\n<p>Str\u00fcmpfelbacher Str. 21<\/p>\n<p>71384 Weinstadt<\/p>\n<p>Tel. +49-7151-9646-0<\/p>\n<p>Durchwahl. -42<\/p>\n<p>Fax. +49-7151-9646-30<\/p>\n<p>Web. www.zeitenspiegel.de<\/p>\n<p><\/body><\/p>\n<p>&nbsp;<\/p>","protected":false},"excerpt":{"rendered":"<p><img decoding=\"async\" src=\"https:\/\/www.zeitenspiegel.de\/image\/2\/0\/120\/5\/media\/images\/llrm02_startbild.jpg\" alt=\"Landluft Remstal 2 Startbild\"\/><br \/><em>Das neue Landluft Remstal. Ab 23. M\u00e4rz am Kiosk. | Foto: Christoph Schmidt<\/em><\/p>","protected":false},"author":2,"featured_media":1167,"comment_status":"closed","ping_status":"closed","sticky":false,"template":"","format":"standard","meta":{"_FSMCFIC_featured_image_caption":"","_FSMCFIC_featured_image_nocaption":"","_FSMCFIC_featured_image_hide":"","footnotes":""},"categories":[1],"tags":[],"class_list":["post-1166","post","type-post","status-publish","format-standard","has-post-thumbnail","hentry","category-aktuell"],"aioseo_notices":[],"_links":{"self":[{"href":"https:\/\/www.zeitenspiegel.de\/en\/wp-json\/wp\/v2\/posts\/1166","targetHints":{"allow":["GET"]}}],"collection":[{"href":"https:\/\/www.zeitenspiegel.de\/en\/wp-json\/wp\/v2\/posts"}],"about":[{"href":"https:\/\/www.zeitenspiegel.de\/en\/wp-json\/wp\/v2\/types\/post"}],"author":[{"embeddable":true,"href":"https:\/\/www.zeitenspiegel.de\/en\/wp-json\/wp\/v2\/users\/2"}],"replies":[{"embeddable":true,"href":"https:\/\/www.zeitenspiegel.de\/en\/wp-json\/wp\/v2\/comments?post=1166"}],"version-history":[{"count":1,"href":"https:\/\/www.zeitenspiegel.de\/en\/wp-json\/wp\/v2\/posts\/1166\/revisions"}],"predecessor-version":[{"id":1168,"href":"https:\/\/www.zeitenspiegel.de\/en\/wp-json\/wp\/v2\/posts\/1166\/revisions\/1168"}],"wp:featuredmedia":[{"embeddable":true,"href":"https:\/\/www.zeitenspiegel.de\/en\/wp-json\/wp\/v2\/media\/1167"}],"wp:attachment":[{"href":"https:\/\/www.zeitenspiegel.de\/en\/wp-json\/wp\/v2\/media?parent=1166"}],"wp:term":[{"taxonomy":"category","embeddable":true,"href":"https:\/\/www.zeitenspiegel.de\/en\/wp-json\/wp\/v2\/categories?post=1166"},{"taxonomy":"post_tag","embeddable":true,"href":"https:\/\/www.zeitenspiegel.de\/en\/wp-json\/wp\/v2\/tags?post=1166"}],"curies":[{"name":"wp","href":"https:\/\/api.w.org\/{rel}","templated":true}]}}