{"id":1174,"date":"2012-11-30T13:44:00","date_gmt":"2012-11-30T13:44:00","guid":{"rendered":"http:\/\/relaunch2025.zeitenspiegel.de\/aktuelles\/mieth-preis-und-gruener-stipendium-2013\/"},"modified":"2012-11-30T13:44:00","modified_gmt":"2012-11-30T13:44:00","slug":"mieth-preis-und-gruener-stipendium-2013","status":"publish","type":"post","link":"https:\/\/www.zeitenspiegel.de\/en\/aktuell\/mieth-preis-und-gruener-stipendium-2013\/","title":{"rendered":"Mieth-Preis und Gr\u00fcner-Stipendium 2013"},"content":{"rendered":"<p>Die Teilnahmeformulare f\u00fcr den Hansel-Mieth-Preis und das Gabriel-Gr\u00fcner-Stipendium 2013 stehen zum Download bereit.<\/p>\n<p><body mode=\"normal\" word-count=\"12\"><\/p>\n<p><a href=\"https:\/\/www.zeitenspiegel.de\/de\/preis\/der-hansel-mieth-preis\/\">Zum Teilnahmeformular f\u00fcr den Hansel-Mieth-Preis 2013<\/a><\/p>\n<p><a href=\"https:\/\/www.zeitenspiegel.de\/de\/preis\/gabriel-gruener-stipendium\/\">Zum Teilnahmeformular f\u00fcr das Gabriel-Gr\u00fcner-Stipendium 2013<\/a><\/p>\n<p><\/body><\/p>\n<p>&nbsp;<\/p>","protected":false},"excerpt":{"rendered":"<p>Die Teilnahmeformulare f\u00fcr den Hansel-Mieth-Preis und das Gabriel-Gr\u00fcner-Stipendium 2013 stehen zum Download bereit.<\/p>","protected":false},"author":2,"featured_media":0,"comment_status":"closed","ping_status":"closed","sticky":false,"template":"","format":"standard","meta":{"_FSMCFIC_featured_image_caption":"","_FSMCFIC_featured_image_nocaption":"","_FSMCFIC_featured_image_hide":"","footnotes":""},"categories":[1],"tags":[],"class_list":["post-1174","post","type-post","status-publish","format-standard","hentry","category-aktuell"],"aioseo_notices":[],"_links":{"self":[{"href":"https:\/\/www.zeitenspiegel.de\/en\/wp-json\/wp\/v2\/posts\/1174","targetHints":{"allow":["GET"]}}],"collection":[{"href":"https:\/\/www.zeitenspiegel.de\/en\/wp-json\/wp\/v2\/posts"}],"about":[{"href":"https:\/\/www.zeitenspiegel.de\/en\/wp-json\/wp\/v2\/types\/post"}],"author":[{"embeddable":true,"href":"https:\/\/www.zeitenspiegel.de\/en\/wp-json\/wp\/v2\/users\/2"}],"replies":[{"embeddable":true,"href":"https:\/\/www.zeitenspiegel.de\/en\/wp-json\/wp\/v2\/comments?post=1174"}],"version-history":[{"count":0,"href":"https:\/\/www.zeitenspiegel.de\/en\/wp-json\/wp\/v2\/posts\/1174\/revisions"}],"wp:attachment":[{"href":"https:\/\/www.zeitenspiegel.de\/en\/wp-json\/wp\/v2\/media?parent=1174"}],"wp:term":[{"taxonomy":"category","embeddable":true,"href":"https:\/\/www.zeitenspiegel.de\/en\/wp-json\/wp\/v2\/categories?post=1174"},{"taxonomy":"post_tag","embeddable":true,"href":"https:\/\/www.zeitenspiegel.de\/en\/wp-json\/wp\/v2\/tags?post=1174"}],"curies":[{"name":"wp","href":"https:\/\/api.w.org\/{rel}","templated":true}]}}