{"id":1196,"date":"2012-06-13T09:32:00","date_gmt":"2012-06-13T09:32:00","guid":{"rendered":"http:\/\/relaunch2025.zeitenspiegel.de\/aktuelles\/theaterstueck-von-rainer-nuebel\/"},"modified":"2012-06-13T09:32:00","modified_gmt":"2012-06-13T09:32:00","slug":"theaterstueck-von-rainer-nuebel","status":"publish","type":"post","link":"https:\/\/www.zeitenspiegel.de\/en\/aktuell\/theaterstueck-von-rainer-nuebel\/","title":{"rendered":"Theaterst\u00fcck von Rainer N\u00fcbel"},"content":{"rendered":"<p><body mode=\"normal\" word-count=\"212\"><\/p>\n<p>Zeitenspiegler Rainer N\u00fcbel hat ein Theaterst\u00fcck geschrieben. Aus den 1200 Romanseiten von Alexandre Dumas\u2019 \u201cDer Graf von Monte Christo\u201d hat er zusammen mit der Regisseurin Barbara Koch eine B\u00fchnenfassung geschaffen. Nun l\u00e4uft das St\u00fcck am Naturtheater Gr\u00f6tzingen.<\/p>\n<p>\u201cDer Graf von Monte Christo\u201d handelt vom jungen Seefahrer Edmond Dant\u00e8s, der durch die Intrigen dreier Menschen all sein Gl\u00fcck verliert. In dem Augenblick, als er Kapit\u00e4n wird und seine sch\u00f6ne Mercedes heiraten will, wird er verhaftet und unschuldig in die Inselfestung If gesteckt. Nach 14 Jahren gelingt ihm die Flucht, und er findet auf der Insel Montechristo den Schatz, den ihm ein alter Mith\u00e4ftling vererbt hat. Als Graf von Monte Christo beginnt er sich an den Drei zu r\u00e4chen, die schuld an seinem \u201cH\u00f6llenleben\u201d sind. Alle Drei sind inzwischen aufgestiegen und m\u00e4chtig geworden. Einer t\u00f6tet sich, einer wird verr\u00fcckt &#8211; der Dritte, ein Banker, verliert sein Verm\u00f6gen. Der Graf von Monte Christo hat selbst Schicksal gespielt und ist dabei mit schuldig geworden.<\/p>\n<p>\u00dcber eine neu erfundene Gegenwartsgruppe und entsprechende Dialoge wird in dieser Fassung versucht, die Modernit\u00e4t und die Aktualit\u00e4t der Grafen-Geschichte anklingen zu lassen. Am Ende diskutieren die Gegenwarts-Figuren mit Alexandre Dumas, ob es nicht doch ein Happy End geben k\u00f6nnte\u2026<\/p>\n<p>Der Graf wird am Naturtheater Gr\u00f6tzingen bis zum 18. August an jedem Samstag um 20.30 Uhr gespielt.<\/p>\n<p><\/body><\/p>\n<p>&nbsp;<\/p>","protected":false},"excerpt":{"rendered":"<p>Zeitenspiegler Rainer N\u00fcbel hat ein Theaterst\u00fcck geschrieben. Aus den 1200 Romanseiten von Alexandre Dumas\u2019 \u201cDer Graf von Monte Christo\u201d hat er zusammen mit der Regisseurin Barbara Koch eine B\u00fchnenfassung geschaffen. Nun l\u00e4uft das St\u00fcck am Naturtheater Gr\u00f6tzingen. \u201cDer Graf von Monte Christo\u201d handelt vom jungen Seefahrer Edmond Dant\u00e8s, der durch die Intrigen dreier Menschen all [&hellip;]<\/p>\n","protected":false},"author":2,"featured_media":0,"comment_status":"closed","ping_status":"closed","sticky":false,"template":"","format":"standard","meta":{"_FSMCFIC_featured_image_caption":"","_FSMCFIC_featured_image_nocaption":"","_FSMCFIC_featured_image_hide":"","footnotes":""},"categories":[1],"tags":[],"class_list":["post-1196","post","type-post","status-publish","format-standard","hentry","category-aktuell"],"aioseo_notices":[],"_links":{"self":[{"href":"https:\/\/www.zeitenspiegel.de\/en\/wp-json\/wp\/v2\/posts\/1196","targetHints":{"allow":["GET"]}}],"collection":[{"href":"https:\/\/www.zeitenspiegel.de\/en\/wp-json\/wp\/v2\/posts"}],"about":[{"href":"https:\/\/www.zeitenspiegel.de\/en\/wp-json\/wp\/v2\/types\/post"}],"author":[{"embeddable":true,"href":"https:\/\/www.zeitenspiegel.de\/en\/wp-json\/wp\/v2\/users\/2"}],"replies":[{"embeddable":true,"href":"https:\/\/www.zeitenspiegel.de\/en\/wp-json\/wp\/v2\/comments?post=1196"}],"version-history":[{"count":0,"href":"https:\/\/www.zeitenspiegel.de\/en\/wp-json\/wp\/v2\/posts\/1196\/revisions"}],"wp:attachment":[{"href":"https:\/\/www.zeitenspiegel.de\/en\/wp-json\/wp\/v2\/media?parent=1196"}],"wp:term":[{"taxonomy":"category","embeddable":true,"href":"https:\/\/www.zeitenspiegel.de\/en\/wp-json\/wp\/v2\/categories?post=1196"},{"taxonomy":"post_tag","embeddable":true,"href":"https:\/\/www.zeitenspiegel.de\/en\/wp-json\/wp\/v2\/tags?post=1196"}],"curies":[{"name":"wp","href":"https:\/\/api.w.org\/{rel}","templated":true}]}}