{"id":1225,"date":"2012-03-14T17:28:00","date_gmt":"2012-03-14T17:28:00","guid":{"rendered":"http:\/\/relaunch2025.zeitenspiegel.de\/aktuelles\/hansel-mieth-preis-2012-wie-die-jury-tagte\/"},"modified":"2025-05-09T06:11:03","modified_gmt":"2025-05-09T06:11:03","slug":"hansel-mieth-preis-2012-wie-die-jury-tagte","status":"publish","type":"post","link":"https:\/\/www.zeitenspiegel.de\/en\/aktuell\/hansel-mieth-preis-2012-wie-die-jury-tagte\/","title":{"rendered":"Hansel-Mieth-Preis 2012: Wie die Jury tagte"},"content":{"rendered":"<p><img decoding=\"async\" src=\"https:\/\/www.zeitenspiegel.de\/wp-content\/uploads\/2025\/05\/jury02.jpg\" alt=\"HMP Jurysitzung 2012\"\/><\/p>\n<p>Himmlisch beh\u00fctet: Die Jury des Gabriel-Gr\u00fcner-Stipendiums und des Hansel-Mieth-Preises tagte in Mals\/S\u00fcdtirol<\/p>\n<p><img decoding=\"async\" src=\"https:\/\/www.zeitenspiegel.de\/wp-content\/uploads\/2025\/05\/jury02.jpg\" alt=\"HMP Jurysitzung 2012\"\/><\/p>\n<p><body mode=\"normal\" word-count=\"136\"><\/p>\n<p>Wenn Kl\u00f6ster ihre Pforten f\u00fcr Fremde \u00f6ffnen, ist das heute nichts mehr Ungew\u00f6hnliches. Der Lebensbereich der M\u00f6nche bleibt in der Regel verschlossen.<\/p>\n<p>Umso bemerkenswerter die Geste der Benediktiner des Klosters Marienberg beim zweiten Besuch der Jury von Hansel-Mieth-Preis und Gabriel-Gr\u00fcner-Stipendium in Mals\/S\u00fcdtirol: Sie \u00fcberlie\u00dfen den internationalen G\u00e4sten den \u201eBenediktraum\u201c, mit Blick auf den Kreuzgarten und die wei\u00dfen Berggipfel. Dort finden gew\u00f6hnlich Besprechungen der M\u00f6nche zum Klosterleben statt.<\/p>\n<p>Nach ausgiebiger Diskussion der Beitr\u00e4ge, die es in die Endrunde geschafft hatten, w\u00e4hlte die Jury eine beeindruckende Dokumentation der Gefangenenschicksale aus dem Lager Guant\u00e1namo (stern) zum Preistr\u00e4ger.<\/p>\n<p>Anschlie\u00dfend bestimmte die Jury das Team, das sich dank des Gabriel-Gr\u00fcner-Stipendiums nun an die Arbeit machen kann. Es wird \u00fcber die Folgen des Frauenmangels in China berichten.<\/p>\n<p><img decoding=\"async\" src=\"https:\/\/www.zeitenspiegel.de\/wp-content\/uploads\/2025\/05\/jury02.jpg\" alt=\"HMP Jurysitzung 2012 jury02.jpg\"\/><\/p>\n<p><img decoding=\"async\" src=\"https:\/\/www.zeitenspiegel.de\/wp-content\/uploads\/2025\/05\/jury03.jpg\" alt=\"HMP Jurysitzung 2012 jury03.jpg\"\/><\/p>\n<p><img decoding=\"async\" src=\"https:\/\/www.zeitenspiegel.de\/wp-content\/uploads\/2025\/05\/jury05.jpg\" alt=\"HMP Jurysitzung 2012 jury05.jpg\"\/><\/p>\n<p><\/body><\/p>\n<p>&nbsp;<\/p>","protected":false},"excerpt":{"rendered":"<p><img decoding=\"async\" src=\"https:\/\/www.zeitenspiegel.de\/image\/2\/0\/120\/5\/media\/images\/jury02.jpg\" alt=\"HMP Jurysitzung 2012\"\/><\/p>\n<p>Himmlisch beh\u00fctet: Die Jury des Gabriel-Gr\u00fcner-Stipendiums und des Hansel-Mieth-Preises tagte in Mals\/S\u00fcdtirol<\/p>","protected":false},"author":2,"featured_media":1226,"comment_status":"closed","ping_status":"closed","sticky":false,"template":"","format":"standard","meta":{"_FSMCFIC_featured_image_caption":"","_FSMCFIC_featured_image_nocaption":"","_FSMCFIC_featured_image_hide":"","footnotes":""},"categories":[1],"tags":[],"class_list":["post-1225","post","type-post","status-publish","format-standard","has-post-thumbnail","hentry","category-aktuell"],"aioseo_notices":[],"_links":{"self":[{"href":"https:\/\/www.zeitenspiegel.de\/en\/wp-json\/wp\/v2\/posts\/1225","targetHints":{"allow":["GET"]}}],"collection":[{"href":"https:\/\/www.zeitenspiegel.de\/en\/wp-json\/wp\/v2\/posts"}],"about":[{"href":"https:\/\/www.zeitenspiegel.de\/en\/wp-json\/wp\/v2\/types\/post"}],"author":[{"embeddable":true,"href":"https:\/\/www.zeitenspiegel.de\/en\/wp-json\/wp\/v2\/users\/2"}],"replies":[{"embeddable":true,"href":"https:\/\/www.zeitenspiegel.de\/en\/wp-json\/wp\/v2\/comments?post=1225"}],"version-history":[{"count":1,"href":"https:\/\/www.zeitenspiegel.de\/en\/wp-json\/wp\/v2\/posts\/1225\/revisions"}],"predecessor-version":[{"id":1229,"href":"https:\/\/www.zeitenspiegel.de\/en\/wp-json\/wp\/v2\/posts\/1225\/revisions\/1229"}],"wp:featuredmedia":[{"embeddable":true,"href":"https:\/\/www.zeitenspiegel.de\/en\/wp-json\/wp\/v2\/media\/1226"}],"wp:attachment":[{"href":"https:\/\/www.zeitenspiegel.de\/en\/wp-json\/wp\/v2\/media?parent=1225"}],"wp:term":[{"taxonomy":"category","embeddable":true,"href":"https:\/\/www.zeitenspiegel.de\/en\/wp-json\/wp\/v2\/categories?post=1225"},{"taxonomy":"post_tag","embeddable":true,"href":"https:\/\/www.zeitenspiegel.de\/en\/wp-json\/wp\/v2\/tags?post=1225"}],"curies":[{"name":"wp","href":"https:\/\/api.w.org\/{rel}","templated":true}]}}