{"id":1272,"date":"2011-05-02T21:00:00","date_gmt":"2011-05-02T21:00:00","guid":{"rendered":"http:\/\/relaunch2025.zeitenspiegel.de\/aktuelles\/verleihung-des-hansel-mieth-preises-am-5-mai\/"},"modified":"2011-05-02T21:00:00","modified_gmt":"2011-05-02T21:00:00","slug":"verleihung-des-hansel-mieth-preises-am-5-mai","status":"publish","type":"post","link":"https:\/\/www.zeitenspiegel.de\/en\/aktuell\/verleihung-des-hansel-mieth-preises-am-5-mai\/","title":{"rendered":"Awarding of the Hansel Mieth Prize on May 5"},"content":{"rendered":"<p><body mode=\"normal\" word-count=\"59\"><\/p>\n<p>The Zeitenspiegel jury will present the Hansel Mieth Prize to this year's winners Susanne Krieg and David Gillanders on May 5th. Those interested are invited to attend the award ceremony on Thursday in the great hall of the Fellbach Town Hall \u2013 framed by a welcome from Mayor Christoph Palm, a keynote speech by media scholar Prof. Bernhard P\u00f6rksen, a documentary reading, and piano music.<\/p>\n<p>Location: Rathaus Fellbach, Marktplatz 1  <\/p>\n<p>Start: 7 PM <\/p>\n<p><\/body><\/p>\n<p>&nbsp;<\/p>","protected":false},"excerpt":{"rendered":"<p>Die Zeitenspiegel-Jury wird am 5. Mai den Hansel-Mieth-Preis den diesj\u00e4hrigen Gewinnern Susanne Krieg und David Gillanders \u00fcbergeben. Interessierte sind eingeladen, um am Donnerstag im gro\u00dfen Saal des Fellbacher Rathauses der Verleihung beizuwohnen &#8211; eingerahmt in eine Begr\u00fc\u00dfung durch Oberb\u00fcrgermeister Christoph Palm, einen Festvortrag vom Medienwissenschaftler Prof. Bernhard P\u00f6rksen, einer Reportagelesung und Klavierspiel. Ort: Rathaus Fellbach, [&hellip;]<\/p>\n","protected":false},"author":2,"featured_media":0,"comment_status":"closed","ping_status":"closed","sticky":false,"template":"","format":"standard","meta":{"_FSMCFIC_featured_image_caption":"","_FSMCFIC_featured_image_nocaption":"","_FSMCFIC_featured_image_hide":"","footnotes":""},"categories":[1],"tags":[],"class_list":["post-1272","post","type-post","status-publish","format-standard","hentry","category-aktuell"],"aioseo_notices":[],"_links":{"self":[{"href":"https:\/\/www.zeitenspiegel.de\/en\/wp-json\/wp\/v2\/posts\/1272","targetHints":{"allow":["GET"]}}],"collection":[{"href":"https:\/\/www.zeitenspiegel.de\/en\/wp-json\/wp\/v2\/posts"}],"about":[{"href":"https:\/\/www.zeitenspiegel.de\/en\/wp-json\/wp\/v2\/types\/post"}],"author":[{"embeddable":true,"href":"https:\/\/www.zeitenspiegel.de\/en\/wp-json\/wp\/v2\/users\/2"}],"replies":[{"embeddable":true,"href":"https:\/\/www.zeitenspiegel.de\/en\/wp-json\/wp\/v2\/comments?post=1272"}],"version-history":[{"count":0,"href":"https:\/\/www.zeitenspiegel.de\/en\/wp-json\/wp\/v2\/posts\/1272\/revisions"}],"wp:attachment":[{"href":"https:\/\/www.zeitenspiegel.de\/en\/wp-json\/wp\/v2\/media?parent=1272"}],"wp:term":[{"taxonomy":"category","embeddable":true,"href":"https:\/\/www.zeitenspiegel.de\/en\/wp-json\/wp\/v2\/categories?post=1272"},{"taxonomy":"post_tag","embeddable":true,"href":"https:\/\/www.zeitenspiegel.de\/en\/wp-json\/wp\/v2\/tags?post=1272"}],"curies":[{"name":"wp","href":"https:\/\/api.w.org\/{rel}","templated":true}]}}