{"id":1307,"date":"2010-05-07T11:38:00","date_gmt":"2010-05-07T11:38:00","guid":{"rendered":"http:\/\/relaunch2025.zeitenspiegel.de\/aktuelles\/harms-gewinnt-the-market-preis\/"},"modified":"2025-05-09T06:11:17","modified_gmt":"2025-05-09T06:11:17","slug":"harms-gewinnt-the-market-preis","status":"publish","type":"post","link":"https:\/\/www.zeitenspiegel.de\/en\/aktuell\/harms-gewinnt-the-market-preis\/","title":{"rendered":"Harms gewinnt &#8222;The Market&#8220;-Preis"},"content":{"rendered":"<p><body mode=\"normal\" word-count=\"110\"><\/p>\n<p>Zeitenspiegel-Fotografin Kathrin Harms hat den Wettbewerb des ab 28. Mai stattfindenden Fotofestivals \u201cThe Market\u201d gewonnen. Die Auszeichnung in H\u00f6he von 3000 Euro erh\u00e4lt Harms f\u00fcr ihre Arbeit \u201cDement sein, wo andere Urlaub machen\u201d.<\/p>\n<p><img decoding=\"async\" src=\"\/wp-content\/uploads\/2025\/07\/1612.jpg\" alt=\"\"\/><br \/>\nReinhard Heinis (73 Jahre) und die anderen dementen Patienten machen in Thailand einen Ausflug. Auf dem Markt findet gerade ein Volksfest statt. \u00a9 Kathrin Harms \/ Zeitenspiegel<\/p>\n<p><strong>Ausstellung:<\/strong><br \/>\n?Die Arbeiten der Preistr\u00e4ger werden, zusammen mit den weiteren 19 Gewinnerarbeiten, ab dem 28. Mai 2010 im Dortmunder \u201cU\u201d zu sehen sein. Parallel zur Ausstellung findet dar\u00fcber hinaus das \u201cThe Market\u201d-Symposium vom 3.-6. Juni statt.? N\u00e4here Informationen zum Projekt gibt es auf der Website unter <a href=\"http:\/\/www.themarket2010.com\">Ausstellung<\/a><\/p>\n<p><\/body><\/p>\n<p>&nbsp;<\/p>","protected":false},"excerpt":{"rendered":"<p>Zeitenspiegel-Fotografin Kathrin Harms hat den Wettbewerb des ab 28. Mai stattfindenden Fotofestivals \u201cThe Market\u201d gewonnen. Die Auszeichnung in H\u00f6he von 3000 Euro erh\u00e4lt Harms f\u00fcr ihre Arbeit \u201cDement sein, wo andere Urlaub machen\u201d. Reinhard Heinis (73 Jahre) und die anderen dementen Patienten machen in Thailand einen Ausflug. Auf dem Markt findet gerade ein Volksfest statt. [&hellip;]<\/p>\n","protected":false},"author":2,"featured_media":0,"comment_status":"closed","ping_status":"closed","sticky":false,"template":"","format":"standard","meta":{"_FSMCFIC_featured_image_caption":"","_FSMCFIC_featured_image_nocaption":"","_FSMCFIC_featured_image_hide":"","footnotes":""},"categories":[1],"tags":[],"class_list":["post-1307","post","type-post","status-publish","format-standard","hentry","category-aktuell"],"aioseo_notices":[],"_links":{"self":[{"href":"https:\/\/www.zeitenspiegel.de\/en\/wp-json\/wp\/v2\/posts\/1307","targetHints":{"allow":["GET"]}}],"collection":[{"href":"https:\/\/www.zeitenspiegel.de\/en\/wp-json\/wp\/v2\/posts"}],"about":[{"href":"https:\/\/www.zeitenspiegel.de\/en\/wp-json\/wp\/v2\/types\/post"}],"author":[{"embeddable":true,"href":"https:\/\/www.zeitenspiegel.de\/en\/wp-json\/wp\/v2\/users\/2"}],"replies":[{"embeddable":true,"href":"https:\/\/www.zeitenspiegel.de\/en\/wp-json\/wp\/v2\/comments?post=1307"}],"version-history":[{"count":1,"href":"https:\/\/www.zeitenspiegel.de\/en\/wp-json\/wp\/v2\/posts\/1307\/revisions"}],"predecessor-version":[{"id":1308,"href":"https:\/\/www.zeitenspiegel.de\/en\/wp-json\/wp\/v2\/posts\/1307\/revisions\/1308"}],"wp:attachment":[{"href":"https:\/\/www.zeitenspiegel.de\/en\/wp-json\/wp\/v2\/media?parent=1307"}],"wp:term":[{"taxonomy":"category","embeddable":true,"href":"https:\/\/www.zeitenspiegel.de\/en\/wp-json\/wp\/v2\/categories?post=1307"},{"taxonomy":"post_tag","embeddable":true,"href":"https:\/\/www.zeitenspiegel.de\/en\/wp-json\/wp\/v2\/tags?post=1307"}],"curies":[{"name":"wp","href":"https:\/\/api.w.org\/{rel}","templated":true}]}}