{"id":1318,"date":"2009-11-18T17:29:00","date_gmt":"2009-11-18T17:29:00","guid":{"rendered":"http:\/\/relaunch2025.zeitenspiegel.de\/aktuelles\/ravensburger-preis-fuer-harms\/"},"modified":"2009-11-18T17:29:00","modified_gmt":"2009-11-18T17:29:00","slug":"ravensburger-preis-fuer-harms","status":"publish","type":"post","link":"https:\/\/www.zeitenspiegel.de\/en\/aktuell\/ravensburger-preis-fuer-harms\/","title":{"rendered":"Ravensburger Prize for Harms"},"content":{"rendered":"<p><body mode=\"normal\" word-count=\"57\"><\/p>\n<p>Annette Leyssner und Zeitenspieglerin Kathrin Harms haben im Rahmen des Ravensburger Medienpreises 2009 die Auszeichnung f\u00fcr die beste Serie erhalten. Die Fotografin Harms und die Autorin Leyssner haben eine Gro\u00dffamilie ein Jahr lang begleitet und deren Alltag in der M\u00fcnchner Stra\u00dfenzeitung BISS (\u201cB\u00fcrger in sozialen Schwierigkeiten\u201d) portr\u00e4tiert. Die Preisverleihung fand am 16. November 2009 in Berlin statt.<\/p>\n<p><\/body><\/p>\n<p>&nbsp;<\/p>","protected":false},"excerpt":{"rendered":"<p>Annette Leyssner und Zeitenspieglerin Kathrin Harms haben im Rahmen des Ravensburger Medienpreises 2009 die Auszeichnung f\u00fcr die beste Serie erhalten. Die Fotografin Harms und die Autorin Leyssner haben eine Gro\u00dffamilie ein Jahr lang begleitet und deren Alltag in der M\u00fcnchner Stra\u00dfenzeitung BISS (\u201cB\u00fcrger in sozialen Schwierigkeiten\u201d) portr\u00e4tiert. Die Preisverleihung fand am 16. November 2009 in [&hellip;]<\/p>\n","protected":false},"author":2,"featured_media":0,"comment_status":"closed","ping_status":"closed","sticky":false,"template":"","format":"standard","meta":{"_FSMCFIC_featured_image_caption":"","_FSMCFIC_featured_image_nocaption":"","_FSMCFIC_featured_image_hide":"","footnotes":""},"categories":[1],"tags":[],"class_list":["post-1318","post","type-post","status-publish","format-standard","hentry","category-aktuell"],"aioseo_notices":[],"_links":{"self":[{"href":"https:\/\/www.zeitenspiegel.de\/en\/wp-json\/wp\/v2\/posts\/1318","targetHints":{"allow":["GET"]}}],"collection":[{"href":"https:\/\/www.zeitenspiegel.de\/en\/wp-json\/wp\/v2\/posts"}],"about":[{"href":"https:\/\/www.zeitenspiegel.de\/en\/wp-json\/wp\/v2\/types\/post"}],"author":[{"embeddable":true,"href":"https:\/\/www.zeitenspiegel.de\/en\/wp-json\/wp\/v2\/users\/2"}],"replies":[{"embeddable":true,"href":"https:\/\/www.zeitenspiegel.de\/en\/wp-json\/wp\/v2\/comments?post=1318"}],"version-history":[{"count":0,"href":"https:\/\/www.zeitenspiegel.de\/en\/wp-json\/wp\/v2\/posts\/1318\/revisions"}],"wp:attachment":[{"href":"https:\/\/www.zeitenspiegel.de\/en\/wp-json\/wp\/v2\/media?parent=1318"}],"wp:term":[{"taxonomy":"category","embeddable":true,"href":"https:\/\/www.zeitenspiegel.de\/en\/wp-json\/wp\/v2\/categories?post=1318"},{"taxonomy":"post_tag","embeddable":true,"href":"https:\/\/www.zeitenspiegel.de\/en\/wp-json\/wp\/v2\/tags?post=1318"}],"curies":[{"name":"wp","href":"https:\/\/api.w.org\/{rel}","templated":true}]}}