{"id":1319,"date":"2009-11-12T16:01:00","date_gmt":"2009-11-12T16:01:00","guid":{"rendered":"http:\/\/relaunch2025.zeitenspiegel.de\/aktuelles\/fotoausstellung-in-sienna\/"},"modified":"2025-05-09T06:11:19","modified_gmt":"2025-05-09T06:11:19","slug":"fotoausstellung-in-sienna","status":"publish","type":"post","link":"https:\/\/www.zeitenspiegel.de\/en\/aktuell\/fotoausstellung-in-sienna\/","title":{"rendered":"Photo Exhibition in Siena"},"content":{"rendered":"<p><body mode=\"normal\" word-count=\"114\"><\/p>\n<p>\u201cDas Leben und sein Schatten\u201d hei\u00dft eine Ausstellung des Zeitenspiegel-Fotografen Ivo Saglietti, die bis Ende Dezember im Palacio Santa Maria della Scala in Siena zu sehen ist. Neunzig Schwarz-Wei\u00df-Fotografien dokumentieren den Zusammenhang zwischen Armut und der Erkrankung mit Malaria, Aids und Tuberkulose. Die Arbeit ist in den vergangenen vier Jahren in Usbekistan, Russland, Italien und dem Kongo entstanden.<\/p>\n<p><img decoding=\"async\" src=\"\/wp-content\/uploads\/2025\/07\/1490.jpg\" alt=\"\"\/><\/p>\n<p>Unterst\u00fctzt wurde Ivo Saglietti von Movapred, einem Programm der Europ\u00e4ischen Union, das die Vermittlung wissenschaftlicher Erkenntnisse an ein breites Publikum f\u00f6rdert. Im Palacio Santa Maria della Scala organisiert Movapred zeitgleich eine internationale Veranstaltungsreihe f\u00fcr Wissenschaftler, die zu den \u201cdrei gro\u00dfen Krankheiten\u201d forschen.<\/p>\n<p>Der Katalog zur Ausstellung kann \u00fcber die Agentur Zeitenspiegel bezogen werden.<\/p>\n<p><\/body><\/p>\n<p>&nbsp;<\/p>","protected":false},"excerpt":{"rendered":"<p>\u201cDas Leben und sein Schatten\u201d hei\u00dft eine Ausstellung des Zeitenspiegel-Fotografen Ivo Saglietti, die bis Ende Dezember im Palacio Santa Maria della Scala in Siena zu sehen ist. Neunzig Schwarz-Wei\u00df-Fotografien dokumentieren den Zusammenhang zwischen Armut und der Erkrankung mit Malaria, Aids und Tuberkulose. Die Arbeit ist in den vergangenen vier Jahren in Usbekistan, Russland, Italien und [&hellip;]<\/p>\n","protected":false},"author":2,"featured_media":0,"comment_status":"closed","ping_status":"closed","sticky":false,"template":"","format":"standard","meta":{"_FSMCFIC_featured_image_caption":"","_FSMCFIC_featured_image_nocaption":"","_FSMCFIC_featured_image_hide":"","footnotes":""},"categories":[1],"tags":[],"class_list":["post-1319","post","type-post","status-publish","format-standard","hentry","category-aktuell"],"aioseo_notices":[],"_links":{"self":[{"href":"https:\/\/www.zeitenspiegel.de\/en\/wp-json\/wp\/v2\/posts\/1319","targetHints":{"allow":["GET"]}}],"collection":[{"href":"https:\/\/www.zeitenspiegel.de\/en\/wp-json\/wp\/v2\/posts"}],"about":[{"href":"https:\/\/www.zeitenspiegel.de\/en\/wp-json\/wp\/v2\/types\/post"}],"author":[{"embeddable":true,"href":"https:\/\/www.zeitenspiegel.de\/en\/wp-json\/wp\/v2\/users\/2"}],"replies":[{"embeddable":true,"href":"https:\/\/www.zeitenspiegel.de\/en\/wp-json\/wp\/v2\/comments?post=1319"}],"version-history":[{"count":1,"href":"https:\/\/www.zeitenspiegel.de\/en\/wp-json\/wp\/v2\/posts\/1319\/revisions"}],"predecessor-version":[{"id":1320,"href":"https:\/\/www.zeitenspiegel.de\/en\/wp-json\/wp\/v2\/posts\/1319\/revisions\/1320"}],"wp:attachment":[{"href":"https:\/\/www.zeitenspiegel.de\/en\/wp-json\/wp\/v2\/media?parent=1319"}],"wp:term":[{"taxonomy":"category","embeddable":true,"href":"https:\/\/www.zeitenspiegel.de\/en\/wp-json\/wp\/v2\/categories?post=1319"},{"taxonomy":"post_tag","embeddable":true,"href":"https:\/\/www.zeitenspiegel.de\/en\/wp-json\/wp\/v2\/tags?post=1319"}],"curies":[{"name":"wp","href":"https:\/\/api.w.org\/{rel}","templated":true}]}}