{"id":1327,"date":"2009-08-06T14:14:00","date_gmt":"2009-08-06T14:14:00","guid":{"rendered":"http:\/\/relaunch2025.zeitenspiegel.de\/aktuelles\/fahren-sie-richtung-auschwitz\/"},"modified":"2025-05-09T06:11:20","modified_gmt":"2025-05-09T06:11:20","slug":"fahren-sie-richtung-auschwitz","status":"publish","type":"post","link":"https:\/\/www.zeitenspiegel.de\/en\/aktuell\/fahren-sie-richtung-auschwitz\/","title":{"rendered":"\u201eAre you driving towards Auschwitz?\u201c"},"content":{"rendered":"<p><body mode=\"normal\" word-count=\"121\"><\/p>\n<p>Zeitenspiegel-Team auf Tramper-Tour nach Auschwitz<\/p>\n<p>Wie kann es sein, dass sich im Jahr 2009 mehr Menschen aus Deutschland und den USA f\u00fcr Hitlers Bergfestung am Obersalzberg interessieren als f\u00fcr das KZ Auschwitz? T\u00e4glich pilgern rund 3 000 Besucher vorwiegend aus Deutschland und USA hinauf zum \u201cKehlsteinhaus\u201d, dem letzten noch aus der Nazi-Zeit erhaltenen Bauwerk des ehemaligen \u201cF\u00fchrersperrgebiets\u201d. In Auschwitz schauen sich zur selben Zeit im Schnitt nur 350 Besucher aus den beiden L\u00e4ndern die Vernichtungsst\u00e4tte der Nationalsozialisten an.<\/p>\n<p><img decoding=\"async\" src=\"\/wp-content\/uploads\/2025\/07\/1441.jpg\" alt=\"\"\/><\/p>\n<p>Zeitenspiegel-Autor Philipp Mau\u00dfhardt und die Fotografin Katharina Alt werden vom 9. August an vom Obersalzberg nach Auschwitz trampen und auf ihrer etwa 1 000 Kilometer langen Strecke Autofahrer ins Gespr\u00e4ch verwickeln.<\/p>\n<p><a href=\"http:\/\/blog.zeitenspiegel.de\">Das Tagebuch der Tour hier im Zeitenspiegel-Blog.<\/a><\/p>\n<p><\/body><\/p>\n<p>&nbsp;<\/p>","protected":false},"excerpt":{"rendered":"<p>Zeitenspiegel-Team auf Tramper-Tour nach Auschwitz Wie kann es sein, dass sich im Jahr 2009 mehr Menschen aus Deutschland und den USA f\u00fcr Hitlers Bergfestung am Obersalzberg interessieren als f\u00fcr das KZ Auschwitz? T\u00e4glich pilgern rund 3 000 Besucher vorwiegend aus Deutschland und USA hinauf zum \u201cKehlsteinhaus\u201d, dem letzten noch aus der Nazi-Zeit erhaltenen Bauwerk des [&hellip;]<\/p>\n","protected":false},"author":2,"featured_media":0,"comment_status":"closed","ping_status":"closed","sticky":false,"template":"","format":"standard","meta":{"_FSMCFIC_featured_image_caption":"","_FSMCFIC_featured_image_nocaption":"","_FSMCFIC_featured_image_hide":"","footnotes":""},"categories":[1],"tags":[],"class_list":["post-1327","post","type-post","status-publish","format-standard","hentry","category-aktuell"],"aioseo_notices":[],"_links":{"self":[{"href":"https:\/\/www.zeitenspiegel.de\/en\/wp-json\/wp\/v2\/posts\/1327","targetHints":{"allow":["GET"]}}],"collection":[{"href":"https:\/\/www.zeitenspiegel.de\/en\/wp-json\/wp\/v2\/posts"}],"about":[{"href":"https:\/\/www.zeitenspiegel.de\/en\/wp-json\/wp\/v2\/types\/post"}],"author":[{"embeddable":true,"href":"https:\/\/www.zeitenspiegel.de\/en\/wp-json\/wp\/v2\/users\/2"}],"replies":[{"embeddable":true,"href":"https:\/\/www.zeitenspiegel.de\/en\/wp-json\/wp\/v2\/comments?post=1327"}],"version-history":[{"count":1,"href":"https:\/\/www.zeitenspiegel.de\/en\/wp-json\/wp\/v2\/posts\/1327\/revisions"}],"predecessor-version":[{"id":1328,"href":"https:\/\/www.zeitenspiegel.de\/en\/wp-json\/wp\/v2\/posts\/1327\/revisions\/1328"}],"wp:attachment":[{"href":"https:\/\/www.zeitenspiegel.de\/en\/wp-json\/wp\/v2\/media?parent=1327"}],"wp:term":[{"taxonomy":"category","embeddable":true,"href":"https:\/\/www.zeitenspiegel.de\/en\/wp-json\/wp\/v2\/categories?post=1327"},{"taxonomy":"post_tag","embeddable":true,"href":"https:\/\/www.zeitenspiegel.de\/en\/wp-json\/wp\/v2\/tags?post=1327"}],"curies":[{"name":"wp","href":"https:\/\/api.w.org\/{rel}","templated":true}]}}