{"id":1339,"date":"2009-05-12T08:47:00","date_gmt":"2009-05-12T08:47:00","guid":{"rendered":"http:\/\/relaunch2025.zeitenspiegel.de\/aktuelles\/mieth-preisfeier-in-fellbach\/"},"modified":"2025-05-09T06:11:22","modified_gmt":"2025-05-09T06:11:22","slug":"mieth-preisfeier-in-fellbach","status":"publish","type":"post","link":"https:\/\/www.zeitenspiegel.de\/en\/aktuell\/mieth-preisfeier-in-fellbach\/","title":{"rendered":"Mieth Price Celebration in Fellbach"},"content":{"rendered":"<p><body mode=\"normal\" word-count=\"204\"><\/p>\n<p>Auch dieses Jahr wurden die St\u00fchle knapp: Der gro\u00dfe Saal des Fellbacher Rathauses war prall gef\u00fcllt, als Zeitenspiegel am 7. Mai den hauseigenen Hansel-Mieth-Preis f\u00fcr engagierte Reportagen verlieh.<\/p>\n<p><img decoding=\"async\" src=\"\/wp-content\/uploads\/2025\/07\/1274.jpg\" alt=\"\"\/><br \/>\n<em>Juryvorsitzender Erdmann Wingert gratuliert Autor Stefan Scheytt.<\/em><\/p>\n<p>Nach der Begr\u00fc\u00dfung von Oberb\u00fcrgermeister Christoph Palm und einigen Lesungen aus den pr\u00e4mierten Reportagen verabschiedete sich Zeitenspiegler Erdmann Wingert aus der Jury, die er viele Jahre lang geleitet hatte. \u201cIch m\u00f6chte dem Nachwuchs eine Chance geben\u201d, sagte Wingert.<\/p>\n<p>Dann schritt die Jury zur Ehrung. Aus 145 Einsendungen hatte sich die Kommission f\u00fcr eine Reportage des Autors Roland Schulz und des Fotografen Luca Zanetti, publiziert im Magazin Neon, entschieden. \u201cDie lange wei\u00dfe Linie\u201d beschreibt den weiten Weg des Kokains von einer kleinen Familienplantage in Kolumbien bis nach Deutschland. Pr\u00e4miert wurde au\u00dferdem eine Reportage des Autors Stefan Scheytt und der Fotografin Cira Moro, erschienen im Magazin Focus, \u00fcber zu lebenslanger Haft verurteilte Kinder und Jugendliche in US-Gef\u00e4ngnissen. Titel: \u201cAmerika gnadenlos\u201d.<\/p>\n<p><img decoding=\"async\" src=\"\/wp-content\/uploads\/2025\/07\/1276.jpg\" alt=\"\"\/><br \/>\n<em>Fellbachs Oberb\u00fcrgermeister Christoph Palm geh\u00f6rt zu den langj\u00e4hrigen Unterst\u00fctzern des Hansel-Mieth-Preises.<\/em><br \/>\n<img decoding=\"async\" src=\"\/wp-content\/uploads\/2025\/07\/1272.jpg\" alt=\"\"\/><br \/>\n<em>Zeitenspiegel-Gesch\u00e4ftsf\u00fchrer Uli Reinhardt (zweiter von rechts) ist der Initiator des Hansel-Mieth-Preises.<\/em><br \/>\n<img decoding=\"async\" src=\"\/wp-content\/uploads\/2025\/07\/1273.jpg\" alt=\"\"\/><br \/>\n<em>Schauspielerin Eva Hosemann liest die Gewinner-Reportagen.<\/em><br \/>\n<img decoding=\"async\" src=\"\/wp-content\/uploads\/2025\/07\/1275.jpg\" alt=\"\"\/><br \/>\n<em>Ausgezeichnete Journalisten: Fotografin Cira Moro, Autor Roland Schulz.<\/em><\/p>\n<p><\/body><\/p>\n<p>&nbsp;<\/p>","protected":false},"excerpt":{"rendered":"<p>Auch dieses Jahr wurden die St\u00fchle knapp: Der gro\u00dfe Saal des Fellbacher Rathauses war prall gef\u00fcllt, als Zeitenspiegel am 7. Mai den hauseigenen Hansel-Mieth-Preis f\u00fcr engagierte Reportagen verlieh. Juryvorsitzender Erdmann Wingert gratuliert Autor Stefan Scheytt. Nach der Begr\u00fc\u00dfung von Oberb\u00fcrgermeister Christoph Palm und einigen Lesungen aus den pr\u00e4mierten Reportagen verabschiedete sich Zeitenspiegler Erdmann Wingert aus [&hellip;]<\/p>\n","protected":false},"author":2,"featured_media":0,"comment_status":"closed","ping_status":"closed","sticky":false,"template":"","format":"standard","meta":{"_FSMCFIC_featured_image_caption":"","_FSMCFIC_featured_image_nocaption":"","_FSMCFIC_featured_image_hide":"","footnotes":""},"categories":[1],"tags":[],"class_list":["post-1339","post","type-post","status-publish","format-standard","hentry","category-aktuell"],"aioseo_notices":[],"_links":{"self":[{"href":"https:\/\/www.zeitenspiegel.de\/en\/wp-json\/wp\/v2\/posts\/1339","targetHints":{"allow":["GET"]}}],"collection":[{"href":"https:\/\/www.zeitenspiegel.de\/en\/wp-json\/wp\/v2\/posts"}],"about":[{"href":"https:\/\/www.zeitenspiegel.de\/en\/wp-json\/wp\/v2\/types\/post"}],"author":[{"embeddable":true,"href":"https:\/\/www.zeitenspiegel.de\/en\/wp-json\/wp\/v2\/users\/2"}],"replies":[{"embeddable":true,"href":"https:\/\/www.zeitenspiegel.de\/en\/wp-json\/wp\/v2\/comments?post=1339"}],"version-history":[{"count":1,"href":"https:\/\/www.zeitenspiegel.de\/en\/wp-json\/wp\/v2\/posts\/1339\/revisions"}],"predecessor-version":[{"id":1340,"href":"https:\/\/www.zeitenspiegel.de\/en\/wp-json\/wp\/v2\/posts\/1339\/revisions\/1340"}],"wp:attachment":[{"href":"https:\/\/www.zeitenspiegel.de\/en\/wp-json\/wp\/v2\/media?parent=1339"}],"wp:term":[{"taxonomy":"category","embeddable":true,"href":"https:\/\/www.zeitenspiegel.de\/en\/wp-json\/wp\/v2\/categories?post=1339"},{"taxonomy":"post_tag","embeddable":true,"href":"https:\/\/www.zeitenspiegel.de\/en\/wp-json\/wp\/v2\/tags?post=1339"}],"curies":[{"name":"wp","href":"https:\/\/api.w.org\/{rel}","templated":true}]}}