{"id":1352,"date":"2009-03-08T10:51:00","date_gmt":"2009-03-08T10:51:00","guid":{"rendered":"http:\/\/relaunch2025.zeitenspiegel.de\/aktuelles\/hansel-mieth-ehrungen-2009\/"},"modified":"2025-05-09T06:11:24","modified_gmt":"2025-05-09T06:11:24","slug":"hansel-mieth-ehrungen-2009","status":"publish","type":"post","link":"https:\/\/www.zeitenspiegel.de\/en\/aktuell\/hansel-mieth-ehrungen-2009\/","title":{"rendered":"Hansel-Mieth Awards 2009"},"content":{"rendered":"<p><body mode=\"normal\" word-count=\"213\"><\/p>\n<p><em>Hansel-Mieth-Preis 2009 geht an Reporter von \u201cNeon\u201d und \u201cFocus\u201d.<\/em><br \/>\n<em>Zehntes Gabriel-Gr\u00fcner-Stipendium verliehen.<\/em><\/p>\n<p>Der mit 6 000 Euro dotierte Hansel-Mieth-Preis f\u00fcr engagierte Reportagen in Wort und Bild wird in diesem Jahr zwischen zwei deutschen Reporter-Teams aufgeteilt.<\/p>\n<p><img decoding=\"async\" src=\"\/wp-content\/uploads\/2025\/07\/1206.jpg\" alt=\"\"\/><br \/>\n<em>Foto: Cira Moro<\/em><\/p>\n<p>Aus 145 Einsendungen entschied sich die Jury f\u00fcr eine Reportage des Autors Roland Schulz und des Fotografen Luca Zanetti, publiziert im Magazin Neon. \u201cDie lange wei\u00dfe Linie\u201d beschreibt den weiten Weg des Kokains von einer kleinen Familienplantage in Kolumbien bis nach Deutschland. Pr\u00e4miert wurde au\u00dferdem eine Reportage des Autors Stefan Scheytt und der Fotografin Cira Moro, erschienen im Magazin Focus, \u00fcber zu lebenslanger Haft verurteilte Kinder und Jugendliche in US-Gef\u00e4ngnissen. Titel: \u201cAmerika gnadenlos\u201d.<\/p>\n<p>Die Jury vergab au\u00dferdem das ebenfalls mit 6 000 Euro dotierte Gabriel-Gr\u00fcner-Stipendium, das einem Team aus Fotograf und Reporter erm\u00f6glichen soll, eine Reportage-Idee zu verwirklichen. Die Journalistin Amrai Coen und der Fotograf Fabian Brennecke gewannen das Votum der Jury mit dem Vorhaben, einen illegal in die USA eingewanderten Mexikaner zu begleiten, der jahrelang in der st\u00e4ndigen Furcht lebte, aufgegriffen zu werden, schlie\u00dflich doch gefasst und abgeschoben wird.<\/p>\n<p>Die Hansel-Mieth-Preistr\u00e4ger werden am 7. Mai 2009 in Fellbach geehrt. Das 10. Gabriel-Gr\u00fcner-Stipendium wird am 28. Mai bei einer Feierstunde in der stern-Redaktion in Hamburg \u00fcberreicht.<\/p>\n<p><a href=\"https:\/\/www.zeitenspiegel.de\/en\/preis\/pressemitteilung-hansel-mieth-preis-2010\/\" title=\"Pressemitteilung\">Weiter zur Pressemitteilung.<\/a><\/p>\n<p><\/body><\/p>\n<p>&nbsp;<\/p>","protected":false},"excerpt":{"rendered":"<p>Hansel-Mieth-Preis 2009 geht an Reporter von \u201cNeon\u201d und \u201cFocus\u201d. Zehntes Gabriel-Gr\u00fcner-Stipendium verliehen. Der mit 6 000 Euro dotierte Hansel-Mieth-Preis f\u00fcr engagierte Reportagen in Wort und Bild wird in diesem Jahr zwischen zwei deutschen Reporter-Teams aufgeteilt. Foto: Cira Moro Aus 145 Einsendungen entschied sich die Jury f\u00fcr eine Reportage des Autors Roland Schulz und des Fotografen [&hellip;]<\/p>\n","protected":false},"author":2,"featured_media":0,"comment_status":"closed","ping_status":"closed","sticky":false,"template":"","format":"standard","meta":{"_FSMCFIC_featured_image_caption":"","_FSMCFIC_featured_image_nocaption":"","_FSMCFIC_featured_image_hide":"","footnotes":""},"categories":[1],"tags":[],"class_list":["post-1352","post","type-post","status-publish","format-standard","hentry","category-aktuell"],"aioseo_notices":[],"_links":{"self":[{"href":"https:\/\/www.zeitenspiegel.de\/en\/wp-json\/wp\/v2\/posts\/1352","targetHints":{"allow":["GET"]}}],"collection":[{"href":"https:\/\/www.zeitenspiegel.de\/en\/wp-json\/wp\/v2\/posts"}],"about":[{"href":"https:\/\/www.zeitenspiegel.de\/en\/wp-json\/wp\/v2\/types\/post"}],"author":[{"embeddable":true,"href":"https:\/\/www.zeitenspiegel.de\/en\/wp-json\/wp\/v2\/users\/2"}],"replies":[{"embeddable":true,"href":"https:\/\/www.zeitenspiegel.de\/en\/wp-json\/wp\/v2\/comments?post=1352"}],"version-history":[{"count":1,"href":"https:\/\/www.zeitenspiegel.de\/en\/wp-json\/wp\/v2\/posts\/1352\/revisions"}],"predecessor-version":[{"id":1353,"href":"https:\/\/www.zeitenspiegel.de\/en\/wp-json\/wp\/v2\/posts\/1352\/revisions\/1353"}],"wp:attachment":[{"href":"https:\/\/www.zeitenspiegel.de\/en\/wp-json\/wp\/v2\/media?parent=1352"}],"wp:term":[{"taxonomy":"category","embeddable":true,"href":"https:\/\/www.zeitenspiegel.de\/en\/wp-json\/wp\/v2\/categories?post=1352"},{"taxonomy":"post_tag","embeddable":true,"href":"https:\/\/www.zeitenspiegel.de\/en\/wp-json\/wp\/v2\/tags?post=1352"}],"curies":[{"name":"wp","href":"https:\/\/api.w.org\/{rel}","templated":true}]}}