{"id":1357,"date":"2008-12-15T11:00:00","date_gmt":"2008-12-15T11:00:00","guid":{"rendered":"http:\/\/relaunch2025.zeitenspiegel.de\/aktuelles\/zs-journalisten-des-jahres\/"},"modified":"2008-12-15T11:00:00","modified_gmt":"2008-12-15T11:00:00","slug":"zs-journalisten-des-jahres","status":"publish","type":"post","link":"https:\/\/www.zeitenspiegel.de\/en\/aktuell\/zs-journalisten-des-jahres\/","title":{"rendered":"ZS Journalists of the Year"},"content":{"rendered":"<p><body mode=\"normal\" word-count=\"71\"><\/p>\n<p>Gleich zwei Zeitenspiegler haben es in diesem Jahr in die Auszeichnungsr\u00e4nge des Fachblatts \u201cMedium-Magazin\u201d geschafft. Die 50-k\u00f6pfige Jury bestimmte Malte Arnsperger zusammen mit stern-Reporter Markus Grill zum \u201cJournalisten des Jahres 2008\u201d f\u00fcr ihre Reportage zu den Bespitzelungsmethoden der Lebensmittelkette \u201cLidl\u201d.<br \/>\nAuch Zeitenspiegler Rainer N\u00fcbel z\u00e4hlt zu den Geehrten. F\u00fcr das Buch \u201cWir k\u00f6nnen alles\u201d zu Filz und Korruption in Baden-W\u00fcrttemberg wurden er und die anderen Schreiber zu \u201clokalen Autoren 2008\u201d ernannt.<\/p>\n<p><\/body><\/p>\n<p>&nbsp;<\/p>","protected":false},"excerpt":{"rendered":"<p>Gleich zwei Zeitenspiegler haben es in diesem Jahr in die Auszeichnungsr\u00e4nge des Fachblatts \u201cMedium-Magazin\u201d geschafft. Die 50-k\u00f6pfige Jury bestimmte Malte Arnsperger zusammen mit stern-Reporter Markus Grill zum \u201cJournalisten des Jahres 2008\u201d f\u00fcr ihre Reportage zu den Bespitzelungsmethoden der Lebensmittelkette \u201cLidl\u201d. Auch Zeitenspiegler Rainer N\u00fcbel z\u00e4hlt zu den Geehrten. F\u00fcr das Buch \u201cWir k\u00f6nnen alles\u201d zu [&hellip;]<\/p>\n","protected":false},"author":2,"featured_media":0,"comment_status":"closed","ping_status":"closed","sticky":false,"template":"","format":"standard","meta":{"_FSMCFIC_featured_image_caption":"","_FSMCFIC_featured_image_nocaption":"","_FSMCFIC_featured_image_hide":"","footnotes":""},"categories":[1],"tags":[],"class_list":["post-1357","post","type-post","status-publish","format-standard","hentry","category-aktuell"],"aioseo_notices":[],"_links":{"self":[{"href":"https:\/\/www.zeitenspiegel.de\/en\/wp-json\/wp\/v2\/posts\/1357","targetHints":{"allow":["GET"]}}],"collection":[{"href":"https:\/\/www.zeitenspiegel.de\/en\/wp-json\/wp\/v2\/posts"}],"about":[{"href":"https:\/\/www.zeitenspiegel.de\/en\/wp-json\/wp\/v2\/types\/post"}],"author":[{"embeddable":true,"href":"https:\/\/www.zeitenspiegel.de\/en\/wp-json\/wp\/v2\/users\/2"}],"replies":[{"embeddable":true,"href":"https:\/\/www.zeitenspiegel.de\/en\/wp-json\/wp\/v2\/comments?post=1357"}],"version-history":[{"count":0,"href":"https:\/\/www.zeitenspiegel.de\/en\/wp-json\/wp\/v2\/posts\/1357\/revisions"}],"wp:attachment":[{"href":"https:\/\/www.zeitenspiegel.de\/en\/wp-json\/wp\/v2\/media?parent=1357"}],"wp:term":[{"taxonomy":"category","embeddable":true,"href":"https:\/\/www.zeitenspiegel.de\/en\/wp-json\/wp\/v2\/categories?post=1357"},{"taxonomy":"post_tag","embeddable":true,"href":"https:\/\/www.zeitenspiegel.de\/en\/wp-json\/wp\/v2\/tags?post=1357"}],"curies":[{"name":"wp","href":"https:\/\/api.w.org\/{rel}","templated":true}]}}