{"id":1376,"date":"2008-10-19T15:05:00","date_gmt":"2008-10-19T15:05:00","guid":{"rendered":"http:\/\/relaunch2025.zeitenspiegel.de\/aktuelles\/eu-preis-fuer-kirsten-woernle\/"},"modified":"2025-05-09T06:11:28","modified_gmt":"2025-05-09T06:11:28","slug":"eu-preis-fuer-kirsten-woernle","status":"publish","type":"post","link":"https:\/\/www.zeitenspiegel.de\/en\/aktuell\/eu-preis-fuer-kirsten-woernle\/","title":{"rendered":"EU Prize for Kirsten W\u00f6rnle"},"content":{"rendered":"<p><body mode=\"normal\" word-count=\"112\"><\/p>\n<p>Zeitenspieglerin Kirsten W\u00f6rnle hat den ersten Journalistenpreis des Europ\u00e4ischen Parlaments in der Kategorie Print gewonnen.<\/p>\n<p><img decoding=\"async\" src=\"\/wp-content\/uploads\/2025\/07\/799.jpg\" alt=\"\"\/><br \/>\nDer Pr\u00e4sident des Europ\u00e4ischen Parlaments Hans-Gert P\u00f6ttering \u00fcberreicht Kirsten W\u00f6rnle den Preis.<\/p>\n<p>Sie erhielt die Auszeichnung f\u00fcr ihre Reportage \u201cIm Babel der Neuzeit\u201d, und teilt sich den Preis mit dem \u00d6sterreicher Wolfgang B\u00f6hm (Die Presse, \u201cZwischen Schengen, Angst und Freiheit\u201d).<br \/>\nDie Reportage von Kirsten W\u00f6rnle erschien in GEO-Wissen (Ausgabe Nr. 40 \u2013 Sprache) und beschreibt die Arbeit der Simultandolmetscher des Europ\u00e4ischen Parlaments. Die europ\u00e4ische Jury aus Journalisten und Europa-Abgeordneten lobte die herausragende stilistische und sprachliche Qualit\u00e4t der Reportage. Diese stelle exemplarisch dar, wie komplex und herausfordernd es ist, Sprachbarrieren in einer vielsprachigen Institution zu \u00fcberwinden.<\/p>\n<p><\/body><\/p>\n<p>&nbsp;<\/p>","protected":false},"excerpt":{"rendered":"<p>Zeitenspieglerin Kirsten W\u00f6rnle hat den ersten Journalistenpreis des Europ\u00e4ischen Parlaments in der Kategorie Print gewonnen. Der Pr\u00e4sident des Europ\u00e4ischen Parlaments Hans-Gert P\u00f6ttering \u00fcberreicht Kirsten W\u00f6rnle den Preis. Sie erhielt die Auszeichnung f\u00fcr ihre Reportage \u201cIm Babel der Neuzeit\u201d, und teilt sich den Preis mit dem \u00d6sterreicher Wolfgang B\u00f6hm (Die Presse, \u201cZwischen Schengen, Angst und Freiheit\u201d). [&hellip;]<\/p>\n","protected":false},"author":2,"featured_media":0,"comment_status":"closed","ping_status":"closed","sticky":false,"template":"","format":"standard","meta":{"_FSMCFIC_featured_image_caption":"","_FSMCFIC_featured_image_nocaption":"","_FSMCFIC_featured_image_hide":"","footnotes":""},"categories":[1],"tags":[],"class_list":["post-1376","post","type-post","status-publish","format-standard","hentry","category-aktuell"],"aioseo_notices":[],"_links":{"self":[{"href":"https:\/\/www.zeitenspiegel.de\/en\/wp-json\/wp\/v2\/posts\/1376","targetHints":{"allow":["GET"]}}],"collection":[{"href":"https:\/\/www.zeitenspiegel.de\/en\/wp-json\/wp\/v2\/posts"}],"about":[{"href":"https:\/\/www.zeitenspiegel.de\/en\/wp-json\/wp\/v2\/types\/post"}],"author":[{"embeddable":true,"href":"https:\/\/www.zeitenspiegel.de\/en\/wp-json\/wp\/v2\/users\/2"}],"replies":[{"embeddable":true,"href":"https:\/\/www.zeitenspiegel.de\/en\/wp-json\/wp\/v2\/comments?post=1376"}],"version-history":[{"count":1,"href":"https:\/\/www.zeitenspiegel.de\/en\/wp-json\/wp\/v2\/posts\/1376\/revisions"}],"predecessor-version":[{"id":1377,"href":"https:\/\/www.zeitenspiegel.de\/en\/wp-json\/wp\/v2\/posts\/1376\/revisions\/1377"}],"wp:attachment":[{"href":"https:\/\/www.zeitenspiegel.de\/en\/wp-json\/wp\/v2\/media?parent=1376"}],"wp:term":[{"taxonomy":"category","embeddable":true,"href":"https:\/\/www.zeitenspiegel.de\/en\/wp-json\/wp\/v2\/categories?post=1376"},{"taxonomy":"post_tag","embeddable":true,"href":"https:\/\/www.zeitenspiegel.de\/en\/wp-json\/wp\/v2\/tags?post=1376"}],"curies":[{"name":"wp","href":"https:\/\/api.w.org\/{rel}","templated":true}]}}