{"id":583,"date":"2024-11-30T22:00:00","date_gmt":"2024-11-30T22:00:00","guid":{"rendered":"http:\/\/relaunch2025.zeitenspiegel.de\/aktuelles\/hansel-mieth-preis-gabriel-gruener-stipendium-2025-ausgeschrieben\/"},"modified":"2025-12-20T10:15:52","modified_gmt":"2025-12-20T10:15:52","slug":"hansel-mieth-preis-gabriel-gruener-stipendium-2025-ausgeschrieben","status":"publish","type":"post","link":"https:\/\/www.zeitenspiegel.de\/en\/aktuell\/hansel-mieth-preis-gabriel-gruener-stipendium-2025-ausgeschrieben\/","title":{"rendered":"Hansel-Mieth-Prize &amp; Gabriel-Gr\u00fcner-Scholarship 2025 announced"},"content":{"rendered":"<p>The call for entries for the Hansel-Mieth Prize and the Gabriel Gr\u00fcner Scholarship 2025 has begun. Zeitenspiegel Reportagen and the Gabriel Gr\u00fcner Scholarship Association are announcing the Hansel-Mieth Prize for the 27th time and the Gabriel Gr\u00fcner Scholarship for the 26th time.<\/p>\n\n\n\n<p>Bitte schicken Sie uns Ihre preisverd\u00e4chtigen engagierten Reportagen bzw. Ihre Herzensthemen, die Sie unbedingt umsetzen wollen, bis sp\u00e4testens 7. Januar 2025.<\/p>\n\n\n\n<p>Vergeben werden wieder folgende Auszeichnungen, die jeweils mit 6000 Euro dotiert sind:<\/p>\n\n\n\n<p>\u2022 Der Hansel-Mieth-Preis 2025 f\u00fcr eine engagierte Reportage in Wort und Bild. Pr\u00e4miert werden ver\u00f6ffentlichte und unver\u00f6ffentlichte Reportagen aus dem Jahr 2024.<\/p>\n\n\n\n<p>\u2022 Das Gabriel-Gr\u00fcner-Stipendium 2025 f\u00fcr die Realisierung einer \u00fcberzeugenden Reportage-Idee im Jahr 2025.<\/p>\n\n\n\n<p>Die Ausschreibungsunterlagen gibt es seit dem 1. Dezember 2024 hier zum Download:<\/p>\n\n\n\n<p>\u2022 <a href=\"https:\/\/hansel-mieth-preis.de\/hansel-mieth-preis\/teilnahmeformular-hansel-mieth-preis\/\">Hansel-Mieth Prize<\/a><\/p>\n\n\n\n<p>\u2022 <a href=\"https:\/\/hansel-mieth-preis.de\/gabriel-gruener-stipendium\/teilnahmeformular-gabriel-gruener-stipendium\/\">Gabriel-Gr\u00fcner-Stipendium<\/a><\/p>\n\n\n\n<p>Eine unabh\u00e4ngige Jury trifft sich im Februar 2025 zur Auswahl der Preistr\u00e4ger.<\/p>\n\n\n\n<p>Der Hansel-Mieth-Preis wird voraussichtlich im Juni 2025 bei einer Feier im Rathaus in Fellbach \u00fcbergeben.<\/p>\n\n\n\n<p>Das Gabriel-Gr\u00fcner-Stipendium wird voraussichtlich im Mai 2025 in Mals\/S\u00fcdtirol verliehen, dem Geburtsort des Namensgebers, des stern-Reporters Gabriel Gr\u00fcner.<\/p>\n\n\n\n<p>Weitere Informationen finden Sie unter <em><a target=\"_blank\" rel=\"noreferrer noopener\" href=\"https:\/\/hansel-mieth-preis.de\/\">www.hansel-mieth-preis.de<\/a><\/em>.<\/p>\n\n\n\n<p>Wir freuen uns \u00fcber Ihre Bewerbungen.<\/p>\n\n\n\n<p><\/p>\n\n\n\n<p>&nbsp;<\/p>","protected":false},"excerpt":{"rendered":"<p>The call for entries for the Hansel-Mieth Prize and the Gabriel Gr\u00fcner Scholarship 2025 has begun. Zeitenspiegel Reportagen and the Gabriel Gr\u00fcner Scholarship Association are announcing the Hansel-Mieth Prize for the 27th time and the Gabriel Gr\u00fcner Scholarship for the 26th time.<\/p><\/p>","protected":false},"author":2,"featured_media":584,"comment_status":"closed","ping_status":"closed","sticky":false,"template":"","format":"standard","meta":{"_FSMCFIC_featured_image_caption":"","_FSMCFIC_featured_image_nocaption":"","_FSMCFIC_featured_image_hide":"","footnotes":""},"categories":[1],"tags":[],"class_list":["post-583","post","type-post","status-publish","format-standard","has-post-thumbnail","hentry","category-aktuell"],"aioseo_notices":[],"_links":{"self":[{"href":"https:\/\/www.zeitenspiegel.de\/en\/wp-json\/wp\/v2\/posts\/583","targetHints":{"allow":["GET"]}}],"collection":[{"href":"https:\/\/www.zeitenspiegel.de\/en\/wp-json\/wp\/v2\/posts"}],"about":[{"href":"https:\/\/www.zeitenspiegel.de\/en\/wp-json\/wp\/v2\/types\/post"}],"author":[{"embeddable":true,"href":"https:\/\/www.zeitenspiegel.de\/en\/wp-json\/wp\/v2\/users\/2"}],"replies":[{"embeddable":true,"href":"https:\/\/www.zeitenspiegel.de\/en\/wp-json\/wp\/v2\/comments?post=583"}],"version-history":[{"count":5,"href":"https:\/\/www.zeitenspiegel.de\/en\/wp-json\/wp\/v2\/posts\/583\/revisions"}],"predecessor-version":[{"id":8024,"href":"https:\/\/www.zeitenspiegel.de\/en\/wp-json\/wp\/v2\/posts\/583\/revisions\/8024"}],"wp:featuredmedia":[{"embeddable":true,"href":"https:\/\/www.zeitenspiegel.de\/en\/wp-json\/wp\/v2\/media\/584"}],"wp:attachment":[{"href":"https:\/\/www.zeitenspiegel.de\/en\/wp-json\/wp\/v2\/media?parent=583"}],"wp:term":[{"taxonomy":"category","embeddable":true,"href":"https:\/\/www.zeitenspiegel.de\/en\/wp-json\/wp\/v2\/categories?post=583"},{"taxonomy":"post_tag","embeddable":true,"href":"https:\/\/www.zeitenspiegel.de\/en\/wp-json\/wp\/v2\/tags?post=583"}],"curies":[{"name":"wp","href":"https:\/\/api.w.org\/{rel}","templated":true}]}}