{"id":592,"date":"2024-11-27T22:00:00","date_gmt":"2024-11-27T22:00:00","guid":{"rendered":"http:\/\/relaunch2025.zeitenspiegel.de\/aktuelles\/ijp-stipendium-fuer-isabel-stettin\/"},"modified":"2025-12-19T16:39:28","modified_gmt":"2025-12-19T16:39:28","slug":"ijp-stipendium-fuer-isabel-stettin","status":"publish","type":"post","link":"https:\/\/www.zeitenspiegel.de\/en\/aktuell\/ijp-stipendium-fuer-isabel-stettin\/","title":{"rendered":"IJP Scholarship for Isabel Stettin"},"content":{"rendered":"<p>From mid-September to the end of November 2023, Zeitenspiegel reporter Isabel Stettin traveled to Japan as a fellow of the German-Japanese Journalists Program of the International Journalists' Programs (IJP). Together with four other journalists from Germany, she immersed herself deeply in the culture, society, and politics of the island nation for two months. Two Japanese colleagues worked with German editorial offices as part of the exchange.<\/p>\n\n\n\n<p>Die IJP bieten Journalistinnen und Journalisten die Gelegenheit, als Korrespondentinnen und Korrespondenten auf Zeit in einem anderen Land zu arbeiten. Die Teilnehmenden lernen nicht nur neue Perspektiven und Arbeitsweisen kennen, sondern schaffen auch Verbindungen zu Kolleginnen und Kollegen aus aller Welt \u2013 ein Austausch, der Br\u00fccken zwischen Kulturen baut.<\/p>\n\n\n\n<p>Das Stipendium begann f\u00fcr Isabel Stettin und die anderen Teilnehmerinnen und Teilnehmer im Juni in Berlin mit einer zweit\u00e4gigen Einf\u00fchrungstagung. Im Herbst ging es f\u00fcr die deutschen Journalistinnen und Journalisten nach Japan, wo sie eigene Recherchen umsetzten.<br>\nW\u00e4hrend ihrer Zeit in Japan widmete sich Isabel Stettin zwischen Hokkaido und Kyushu aktuellen Umwelt- und Klimafragen sowie gesellschaftlichen Themen. Ihre Reportagen werden in den kommenden Monaten ver\u00f6ffentlicht.<\/p>\n\n\n\n<figure class=\"wp-block-image\"><img decoding=\"async\" src=\"https:\/\/www.zeitenspiegel.de\/wp-content\/uploads\/2025\/05\/saschaisabeljapan.jpg\" alt=\"alt text\"\/><\/figure>\n\n\n\n<p><\/p>\n\n\n\n<p>Die Internationalen Journalisten-Programme e.V. blicken auf \u00fcber 40 Jahre Erfahrung in der F\u00f6rderung des journalistischen Austauschs zur\u00fcck. Mit j\u00e4hrlich bis zu 150 Stipendien erm\u00f6glicht der gemeinn\u00fctzige Verein Journalistinnen und Journalisten aus aller Welt, die Politik, Wirtschaft und Kultur anderer L\u00e4nder zu erleben. Ziel ist es, nicht nur Fachkenntnisse zu vertiefen, sondern auch das Verst\u00e4ndnis f\u00fcr globale Zusammenh\u00e4nge zu f\u00f6rdern.<\/p>\n\n\n\n<p>Durch die bilateralen Programme der IJP ist ein Netzwerk von mehr als 3000 Journalistinnen und Journalisten weltweit entstanden. Die Finanzierung der Stipendien erfolgt durch Spenden, F\u00f6rdermittel des Ausw\u00e4rtigen Amtes und Unterst\u00fctzung privater Sponsoren.<\/p>\n\n\n\n<p><\/p>\n\n\n\n<p>&nbsp;<\/p>","protected":false},"excerpt":{"rendered":"<p>From mid-September to the end of November 2023, Zeitenspiegel reporter Isabel Stettin traveled to Japan as a fellow of the German-Japanese Journalists Program of the International Journalists' Programs (IJP). Together with four other journalists from Germany, she immersed herself deeply in the culture, society, and politics of the island nation for two months. Two Japanese colleagues worked with German editorial offices as part of the exchange.<\/p><\/p>","protected":false},"author":2,"featured_media":593,"comment_status":"closed","ping_status":"closed","sticky":false,"template":"","format":"standard","meta":{"_FSMCFIC_featured_image_caption":"Auf dem Boot","_FSMCFIC_featured_image_nocaption":"","_FSMCFIC_featured_image_hide":"","footnotes":""},"categories":[1],"tags":[],"class_list":["post-592","post","type-post","status-publish","format-standard","has-post-thumbnail","hentry","category-aktuell"],"aioseo_notices":[],"_links":{"self":[{"href":"https:\/\/www.zeitenspiegel.de\/en\/wp-json\/wp\/v2\/posts\/592","targetHints":{"allow":["GET"]}}],"collection":[{"href":"https:\/\/www.zeitenspiegel.de\/en\/wp-json\/wp\/v2\/posts"}],"about":[{"href":"https:\/\/www.zeitenspiegel.de\/en\/wp-json\/wp\/v2\/types\/post"}],"author":[{"embeddable":true,"href":"https:\/\/www.zeitenspiegel.de\/en\/wp-json\/wp\/v2\/users\/2"}],"replies":[{"embeddable":true,"href":"https:\/\/www.zeitenspiegel.de\/en\/wp-json\/wp\/v2\/comments?post=592"}],"version-history":[{"count":5,"href":"https:\/\/www.zeitenspiegel.de\/en\/wp-json\/wp\/v2\/posts\/592\/revisions"}],"predecessor-version":[{"id":7885,"href":"https:\/\/www.zeitenspiegel.de\/en\/wp-json\/wp\/v2\/posts\/592\/revisions\/7885"}],"wp:featuredmedia":[{"embeddable":true,"href":"https:\/\/www.zeitenspiegel.de\/en\/wp-json\/wp\/v2\/media\/593"}],"wp:attachment":[{"href":"https:\/\/www.zeitenspiegel.de\/en\/wp-json\/wp\/v2\/media?parent=592"}],"wp:term":[{"taxonomy":"category","embeddable":true,"href":"https:\/\/www.zeitenspiegel.de\/en\/wp-json\/wp\/v2\/categories?post=592"},{"taxonomy":"post_tag","embeddable":true,"href":"https:\/\/www.zeitenspiegel.de\/en\/wp-json\/wp\/v2\/tags?post=592"}],"curies":[{"name":"wp","href":"https:\/\/api.w.org\/{rel}","templated":true}]}}