{"id":602,"date":"2024-11-20T22:00:00","date_gmt":"2024-11-20T22:00:00","guid":{"rendered":"http:\/\/relaunch2025.zeitenspiegel.de\/aktuelles\/zeitenspiegel-auszeichnung-durch-kinderjury\/"},"modified":"2025-07-24T14:36:11","modified_gmt":"2025-07-24T14:36:11","slug":"zeitenspiegel-auszeichnung-durch-kinderjury","status":"publish","type":"post","link":"https:\/\/www.zeitenspiegel.de\/en\/aktuell\/zeitenspiegel-auszeichnung-durch-kinderjury\/","title":{"rendered":"Zeitenspiegel Award by Children's Jury"},"content":{"rendered":"<p>F\u00fcr ihre Reportage \u201eDie Minenkinder von Ouagadougou\u201c haben der Fotoreporter Sascha Montag und die Autorin Kristin Kasten den 3. Platz in der Kategorie \u201ePreis der Kinderjury\u201c beim Kindernothilfe-Medienpreis erreicht. Der Preis ehrt seit \u00fcber einem Vierteljahrhundert Journalistinnen und Journalisten, die in herausragender Weise \u00fcber Kinderrechte und Kinderrechtsverletzungen berichten.<\/p>\n\n\n\n<p>In der pr\u00e4mierten Reportage, die im Kindermagazin <em>Dein Spiegel<\/em> erschienen ist, trifft das Zeitenspiegel-Reporterteam den 12-j\u00e4hrigen Somaila. Der Junge zerschl\u00e4gt Steine in einer Granitmine mitten in der burkinischen Hauptstadt Ouagadougou. Seine Familie braucht das Geld, das er f\u00fcr seine Arbeit bekommt. Sonst m\u00fcsste sie hungern. Eine Schule, die f\u00fcr die Kinder der Minenarbeiter erbaut wurde, ist nur einen Steinwurf entfernt \u2013 und doch unerreichbar f\u00fcr Somaila.<\/p>\n\n\n\n<p>Beim Preis der Kinderjury w\u00e4hlt eine neunk\u00f6pfige Kinderjury die besten Beitr\u00e4ge f\u00fcr die Zielgruppe der Sechs- bis 14-J\u00e4hrigen aus. Die Kinder in der Jury treffen die Auswahl der Preistr\u00e4gerinnen und Preistr\u00e4ger eigenverantwortlich und nach im Vorfeld erarbeiteten Kriterien. Mit dem 1. Platz zeichneten sie Jana Magdanz f\u00fcr ihren Radiobeitrag \u201eWenn der Tod allgegenw\u00e4rtig ist: Im Kinderhospiz\u201c aus. Der 2. Platz ging an Sherif Rizkallah mit dem Fernsehbeitrag \u201elogo! extra: Kinder in der Ukraine \u2013 ein Jahr im Krieg\u201c.<\/p>\n\n\n\n<p><\/p>\n\n\n\n<p>&nbsp;<\/p>","protected":false},"excerpt":{"rendered":"<p>F\u00fcr ihre Reportage \u201eDie Minenkinder von Ouagadougou\u201c haben der Fotoreporter Sascha Montag und die Autorin Kristin Kasten den 3. Platz in der Kategorie \u201ePreis der Kinderjury\u201c beim Kindernothilfe-Medienpreis erreicht. Der Preis ehrt seit \u00fcber einem Vierteljahrhundert Journalistinnen und Journalisten, die in herausragender Weise \u00fcber Kinderrechte und Kinderrechtsverletzungen berichten.<\/p><\/p>","protected":false},"author":2,"featured_media":603,"comment_status":"closed","ping_status":"closed","sticky":false,"template":"","format":"standard","meta":{"_FSMCFIC_featured_image_caption":"","_FSMCFIC_featured_image_nocaption":"","_FSMCFIC_featured_image_hide":"","footnotes":""},"categories":[1],"tags":[],"class_list":["post-602","post","type-post","status-publish","format-standard","has-post-thumbnail","hentry","category-aktuell"],"aioseo_notices":[],"_links":{"self":[{"href":"https:\/\/www.zeitenspiegel.de\/en\/wp-json\/wp\/v2\/posts\/602","targetHints":{"allow":["GET"]}}],"collection":[{"href":"https:\/\/www.zeitenspiegel.de\/en\/wp-json\/wp\/v2\/posts"}],"about":[{"href":"https:\/\/www.zeitenspiegel.de\/en\/wp-json\/wp\/v2\/types\/post"}],"author":[{"embeddable":true,"href":"https:\/\/www.zeitenspiegel.de\/en\/wp-json\/wp\/v2\/users\/2"}],"replies":[{"embeddable":true,"href":"https:\/\/www.zeitenspiegel.de\/en\/wp-json\/wp\/v2\/comments?post=602"}],"version-history":[{"count":3,"href":"https:\/\/www.zeitenspiegel.de\/en\/wp-json\/wp\/v2\/posts\/602\/revisions"}],"predecessor-version":[{"id":3833,"href":"https:\/\/www.zeitenspiegel.de\/en\/wp-json\/wp\/v2\/posts\/602\/revisions\/3833"}],"wp:featuredmedia":[{"embeddable":true,"href":"https:\/\/www.zeitenspiegel.de\/en\/wp-json\/wp\/v2\/media\/603"}],"wp:attachment":[{"href":"https:\/\/www.zeitenspiegel.de\/en\/wp-json\/wp\/v2\/media?parent=602"}],"wp:term":[{"taxonomy":"category","embeddable":true,"href":"https:\/\/www.zeitenspiegel.de\/en\/wp-json\/wp\/v2\/categories?post=602"},{"taxonomy":"post_tag","embeddable":true,"href":"https:\/\/www.zeitenspiegel.de\/en\/wp-json\/wp\/v2\/tags?post=602"}],"curies":[{"name":"wp","href":"https:\/\/api.w.org\/{rel}","templated":true}]}}