{"id":626,"date":"2024-03-03T22:00:00","date_gmt":"2024-03-03T22:00:00","guid":{"rendered":"http:\/\/relaunch2025.zeitenspiegel.de\/aktuelles\/hansel-mieth-preis-2024-vergeben\/"},"modified":"2025-07-24T14:36:11","modified_gmt":"2025-07-24T14:36:11","slug":"hansel-mieth-preis-2024-vergeben","status":"publish","type":"post","link":"https:\/\/www.zeitenspiegel.de\/en\/aktuell\/hansel-mieth-preis-2024-vergeben\/","title":{"rendered":"Hansel-Mieth-Preis 2024 vergeben"},"content":{"rendered":"<p>Christoph Reuter (Text) und Johanna-Maria Fritz (Fotos) werden f\u00fcr ihre <em>Spiegel<\/em>-Reportage \u201eDie letzten Bestatter von Bachmut\u201c mit dem Hansel-Mieth-Preis 2024 ausgezeichnet.<\/p>\n\n\n\n<p>Der Hansel-Mieth-Preis 2024 geht an Christoph Reuter (Text) und Johanna-Maria Fritz (Fotos) f\u00fcr ihre Reportage \u201eDie letzten Bestatter von Bachmut\u201c, erschienen im <em>Spiegel<\/em>. Sie erz\u00e4hlt die Geschichte von sechs M\u00e4nnern und zwei Frauen, Angestellten des st\u00e4dtischen Bestattungsunternehmens, die in Bachmut ausharren. In der Frontstadt, Anfang 2023 aufgerieben zwischen russischen Angriffs- und ukrainischen Verteidigungsgefechten, gibt es weder Wasser noch Gas noch Strom. Doch \u201egestorben wird ja weiterhin\u201c, wie einer der Bestatter lapidar sagt. Und so versuchen die acht, die Toten der sterbenden Stadt zu bergen und zu bestatten.<\/p>\n\n\n\n<p>Die Begr\u00fcndung der Jury: \u201eDer Tod in der Ukraine ist kein Nischenthema. Die Toten zu identifizieren und die Personalpapiere zu besorgen, um sie in W\u00fcrde zu beerdigen, ist eine Herkulesaufgabe. Christoph Reuter und Johanna-Maria Fritz haben die Bestatter bei ihrer lebensgef\u00e4hrlichen Arbeit begleitet. Ein St\u00fcck, das lange im Ged\u00e4chtnis bleibt, eine echte Reporter-Teamleistung: Bilder und Text spielen zusammen. Eine Geschichte, die im Kleinen das Beharrungsverm\u00f6gen der Menschen von Bachmut erz\u00e4hlt, den allt\u00e4glichen Wahnsinn der Belagerung.\u201c<\/p>\n\n\n\n<p>Folgende Reportagen wurden ebenfalls ausgezeichnet. Sie werden zusammen mit dem Gewinnerbeitrag im Sammelband \u201eHansel-Mieth-Preis 2024\u201c (Schwoerer Verlag) ver\u00f6ffentlicht. Das Buch kann bei Zeitenspiegel Reportagen (mail@zeitenspiegel.de) bestellt werden.<\/p>\n\n\n\n<ul class=\"wp-block-list\">\n<li><p><strong>Gro\u00dfer Auftritt<\/strong> (Text: Marvin Xin Ku, Fotos: Felix Adler), <em>S\u00fcddeutsche Zeitung Magazine<\/em><\/p><\/li>\n\n\n\n<li><p><strong style=\"letter-spacing: 0.01px;\">Wo die Welt sich teilt<\/strong><span style=\"letter-spacing: 0.01px;\"> (Text: Henning Su\u00dfebach, Fotos: Natalia Kepesz, Daro Sulakauri, Jonathan Terlinden), <\/span><em style=\"letter-spacing: 0.01px;\">Zeit Magazine<\/em><\/p><\/li>\n\n\n\n<li><p><strong>Weiter leben<\/strong> (Text: Thorsten Schmitz, Fotos: Ofir Berman), <em>S\u00fcddeutsche Zeitung<\/em><\/p><\/li>\n\n\n\n<li><p><strong style=\"letter-spacing: 0.01px;\">K\u00f6nige ohne Thron<\/strong><span style=\"letter-spacing: 0.01px;\"> (Text: Marc Hujer, Fotos: Hannes Jung), <\/span><em style=\"letter-spacing: 0.01px;\">The Mirror<\/em><\/p><\/li>\n\n\n\n<li><p><strong style=\"letter-spacing: 0.01px;\">Der Hass auf seiner Haut<\/strong><span style=\"letter-spacing: 0.01px;\"> (Text: Tobias Scharnagl, Fotos: Maximilian G\u00f6decke), <\/span><em style=\"letter-spacing: 0.01px;\">Strict<\/em><\/p><\/li>\n\n\n\n<li><p><strong style=\"letter-spacing: 0.01px;\">Zweite Chance<\/strong><span style=\"letter-spacing: 0.01px;\"> (Text: Julia Kopatzki, Fotos: Thomas Pirot), <\/span><em style=\"letter-spacing: 0.01px;\">S\u00fcddeutsche Zeitung Magazine<\/em><\/p><\/li>\n\n\n\n<li><p><strong style=\"letter-spacing: 0.01px;\">Mars Attacks<\/strong><span style=\"letter-spacing: 0.01px;\"> (Text: Wolfgang Bauer, Fotos: Jake Dockins), <\/span><em style=\"letter-spacing: 0.01px;\">Zeit Magazine<\/em><\/p><\/li>\n\n\n\n<li><p><strong style=\"letter-spacing: 0.01px;\">Der Krieg ums gr\u00fcne Gold<\/strong><span style=\"letter-spacing: 0.01px;\"> (Text: Jan Christoph Wiechmann, Fotos: Axel Javier Sulzbacher), <\/span><em style=\"letter-spacing: 0.01px;\">Geo<\/em><\/p><\/li>\n\n\n\n<li><p><strong style=\"letter-spacing: 0.01px;\">Der schlimmste Ort aller Zeiten<\/strong><span style=\"letter-spacing: 0.01px;\"> (Text: Annabelle Seubert, Fotos: Anne Ackermann), <\/span><em style=\"letter-spacing: 0.01px;\">Zeit Online<\/em><\/p><\/li>\n<\/ul>\n\n\n\n<p>Die Reportergemeinschaft Zeitenspiegel Reportagen erinnert mit dem Preis, der 2024 zum 26. Mal vergeben wird, an ihr 1998 verstorbenes Ehrenmitglied Johanna \u201eHansel\u201c Mieth, die sich als Fotoreporterin f\u00fcr das amerikanische Magazin <em>Life<\/em> dedicated to social issues. The prize honors outstanding committed reports. Text and photos are evaluated equally.<\/p>\n\n\n\n<p>In diesem Jahr wurden f\u00fcr den Hansel-Mieth-Preis 145 Bewerbungen eingereicht. Er ist mit 6000 Euro dotiert.<\/p>\n\n\n\n<p><strong>The jury of the Hansel-Mieth Prize<\/strong><\/p>\n\n\n\n<p>Ingrid Ei\u00dfele (Zeitenspiegel Reportagen, Reporterin und Vorsitzende der Jury), Christoph Borgans (freier Reporter), Cornelia Fuchs (stellvertretende Chefredakteurin des <em>Strict<\/em>), Gesa Gottschalk (<em>Geo<\/em>-Autorin), Anton Hunger (Publizist und Buchautor), Margot Klingsporn (Mitgr\u00fcnderin und Gesch\u00e4ftsf\u00fchrerin der Fotoagentur Focus), Georg Mair (Chefredakteur von <em>ff \u2013 The South Tyrolean Weekly Magazine<\/em>), Stephanie Nannen (Publizistin), Alexander Smoltczyk (Reporter beim <em>Spiegel<\/em>), Jonas Wresch (freelance photographer)<\/p>\n\n\n\n<p><strong>Awards ceremony<\/strong><\/p>\n\n\n\n<p>Der Hansel-Mieth-Preis wird am 19. Juni 2024 im Rathaus Fellbach (bei Stuttgart) verliehen <em>&#8211; und zwar nicht erst um 19 Uhr wie \u00fcblich, sondern diesmal schon um 16 Uhr, wegen des Fu\u00dfball-EM-Spiels Deutschland &#8211; Ungarn, das um 18 Uhr beginnt (Update, Juni 2024)<\/em>.<\/p>\n\n\n\n<p>Festrednerin ist Anette Dowideit, stellvertretende Chefredakteurin von <em>Correctiv<\/em>.<\/p>\n\n\n\n<p><\/p>\n\n\n\n<p>&nbsp;<\/p>","protected":false},"excerpt":{"rendered":"<p>Christoph Reuter (Text) und Johanna-Maria Fritz (Fotos) werden f\u00fcr ihre <em>Spiegel<\/em>-Reportage \u201eDie letzten Bestatter von Bachmut\u201c mit dem Hansel-Mieth-Preis 2024 ausgezeichnet.<\/p><\/p>","protected":false},"author":2,"featured_media":627,"comment_status":"closed","ping_status":"closed","sticky":false,"template":"","format":"standard","meta":{"_FSMCFIC_featured_image_caption":"Die letzten Bestatter von Bachmut","_FSMCFIC_featured_image_nocaption":"","_FSMCFIC_featured_image_hide":"","footnotes":""},"categories":[1],"tags":[],"class_list":["post-626","post","type-post","status-publish","format-standard","has-post-thumbnail","hentry","category-aktuell"],"aioseo_notices":[],"_links":{"self":[{"href":"https:\/\/www.zeitenspiegel.de\/en\/wp-json\/wp\/v2\/posts\/626","targetHints":{"allow":["GET"]}}],"collection":[{"href":"https:\/\/www.zeitenspiegel.de\/en\/wp-json\/wp\/v2\/posts"}],"about":[{"href":"https:\/\/www.zeitenspiegel.de\/en\/wp-json\/wp\/v2\/types\/post"}],"author":[{"embeddable":true,"href":"https:\/\/www.zeitenspiegel.de\/en\/wp-json\/wp\/v2\/users\/2"}],"replies":[{"embeddable":true,"href":"https:\/\/www.zeitenspiegel.de\/en\/wp-json\/wp\/v2\/comments?post=626"}],"version-history":[{"count":5,"href":"https:\/\/www.zeitenspiegel.de\/en\/wp-json\/wp\/v2\/posts\/626\/revisions"}],"predecessor-version":[{"id":3837,"href":"https:\/\/www.zeitenspiegel.de\/en\/wp-json\/wp\/v2\/posts\/626\/revisions\/3837"}],"wp:featuredmedia":[{"embeddable":true,"href":"https:\/\/www.zeitenspiegel.de\/en\/wp-json\/wp\/v2\/media\/627"}],"wp:attachment":[{"href":"https:\/\/www.zeitenspiegel.de\/en\/wp-json\/wp\/v2\/media?parent=626"}],"wp:term":[{"taxonomy":"category","embeddable":true,"href":"https:\/\/www.zeitenspiegel.de\/en\/wp-json\/wp\/v2\/categories?post=626"},{"taxonomy":"post_tag","embeddable":true,"href":"https:\/\/www.zeitenspiegel.de\/en\/wp-json\/wp\/v2\/tags?post=626"}],"curies":[{"name":"wp","href":"https:\/\/api.w.org\/{rel}","templated":true}]}}