{"id":673,"date":"2023-11-05T22:00:00","date_gmt":"2023-11-05T22:00:00","guid":{"rendered":"http:\/\/relaunch2025.zeitenspiegel.de\/aktuelles\/30-jahre-mittendrin-im-reich-der-mitte\/"},"modified":"2025-07-24T14:36:10","modified_gmt":"2025-07-24T14:36:10","slug":"30-jahre-mittendrin-im-reich-der-mitte","status":"publish","type":"post","link":"https:\/\/www.zeitenspiegel.de\/en\/aktuell\/30-jahre-mittendrin-im-reich-der-mitte\/","title":{"rendered":"30 years in the thick of it in the Middle Kingdom"},"content":{"rendered":"\n<p>Gespr\u00e4ch mit Andreas Landwehr, langj\u00e4hriger China-Korrespondent der dpa. Pr\u00e4sentiert vom Deutsch-Chinesischen Mediennetzwerk e.V.<\/p>\n\n\n\n<p>Drei Jahrzehnte lang leitete Andreas Landwehr das B\u00fcro der Deutschen Presse-Agentur (dpa) in Peking. Nun ist er nach Deutschland zur\u00fcckgekehrt. Mit ihm hat einer der erfahrensten China-Korrespondenten die Volksrepublik verlassen.<\/p>\n\n\n\n<p>In seiner Zeit vor Ort hat sich das Land mehrfach grundlegend gewandelt. Als er kam, war der Milit\u00e4reinsatz um den Tian\u2019anmen-Platz noch frisch in Erinnerung. Er hat tiefgreifende wirtschaftliche Reformen erlebt und die \u00d6ffnung zur Welt \u2013 aber auch die R\u00fcckkehr zu Alleinherrschaft und Personenkult.<\/p>\n\n\n\n<p>Das <a href=\"https:\/\/www.zeitenspiegel.de\/infos\/projekte\/deutsch-chinesisches-mediennetzwerk-ev\/\">Deutsch-Chinesische Mediennetzwerk e.V.<\/a> m\u00f6chte mit Andreas Landwehr \u00fcber seine drei Jahrzehnte in China reden \u2013 und \u00fcber die Gegenwart. Wie hat sich sein Blick auf das Land im Laufe der Zeit ge\u00e4ndert? Wie hat sich Deutschlands Blick auf China ge\u00e4ndert? Und wie der Blick Chinas auf Deutschland?<\/p>\n\n\n\n<p><strong>Wann?<\/strong><\/p>\n\n\n\n<p>Samstag, 9. Dezember 2023, 19 Uhr<\/p>\n\n\n\n<p><strong>Wo?<\/strong><\/p>\n\n\n\n<p>International Alumni Center,<br>\nLinienstra\u00dfe 65a II, 10119 Berlin<br>\n(U8 Rosenthaler Platz)<\/p>\n\n\n\n<p><strong>Moderation:<\/strong><\/p>\n\n\n\n<p>Felix Lee, Vorsitzender des Deutsch-Chinesischen Mediennetzwerks und Redakteur bei <em>China.Table<\/em><\/p>\n\n\n\n<p><strong>Anmeldung:<\/strong><\/p>\n\n\n\n<p>Der Eintritt ist frei. Anmeldung bis zum 6. Dezember 2023 per E-Mail an <em>markus.wanzeck[AT]zhongde-media.net<\/em>.<\/p>\n\n\n\n<p>Die Veranstaltung wird pr\u00e4sentiert in Zusammenarbeit mit dem International Alumni Center (iac Berlin).<\/p>\n\n\n\n<p><\/p>\n\n\n\n<p>&nbsp;<\/p>\n","protected":false},"excerpt":{"rendered":"<p>Conversation with Andreas Landwehr, long-time China correspondent for dpa. Presented by the German-Chinese Media Network e.V.<\/p><\/p>","protected":false},"author":2,"featured_media":581,"comment_status":"closed","ping_status":"closed","sticky":false,"template":"","format":"standard","meta":{"_FSMCFIC_featured_image_caption":"","_FSMCFIC_featured_image_nocaption":"","_FSMCFIC_featured_image_hide":"","footnotes":""},"categories":[1],"tags":[],"class_list":["post-673","post","type-post","status-publish","format-standard","has-post-thumbnail","hentry","category-aktuell"],"aioseo_notices":[],"_links":{"self":[{"href":"https:\/\/www.zeitenspiegel.de\/en\/wp-json\/wp\/v2\/posts\/673","targetHints":{"allow":["GET"]}}],"collection":[{"href":"https:\/\/www.zeitenspiegel.de\/en\/wp-json\/wp\/v2\/posts"}],"about":[{"href":"https:\/\/www.zeitenspiegel.de\/en\/wp-json\/wp\/v2\/types\/post"}],"author":[{"embeddable":true,"href":"https:\/\/www.zeitenspiegel.de\/en\/wp-json\/wp\/v2\/users\/2"}],"replies":[{"embeddable":true,"href":"https:\/\/www.zeitenspiegel.de\/en\/wp-json\/wp\/v2\/comments?post=673"}],"version-history":[{"count":3,"href":"https:\/\/www.zeitenspiegel.de\/en\/wp-json\/wp\/v2\/posts\/673\/revisions"}],"predecessor-version":[{"id":3826,"href":"https:\/\/www.zeitenspiegel.de\/en\/wp-json\/wp\/v2\/posts\/673\/revisions\/3826"}],"wp:featuredmedia":[{"embeddable":true,"href":"https:\/\/www.zeitenspiegel.de\/en\/wp-json\/wp\/v2\/media\/581"}],"wp:attachment":[{"href":"https:\/\/www.zeitenspiegel.de\/en\/wp-json\/wp\/v2\/media?parent=673"}],"wp:term":[{"taxonomy":"category","embeddable":true,"href":"https:\/\/www.zeitenspiegel.de\/en\/wp-json\/wp\/v2\/categories?post=673"},{"taxonomy":"post_tag","embeddable":true,"href":"https:\/\/www.zeitenspiegel.de\/en\/wp-json\/wp\/v2\/tags?post=673"}],"curies":[{"name":"wp","href":"https:\/\/api.w.org\/{rel}","templated":true}]}}