{"id":733,"date":"2022-11-29T07:29:00","date_gmt":"2022-11-29T07:29:00","guid":{"rendered":"http:\/\/relaunch2025.zeitenspiegel.de\/aktuelles\/zeitenspiegel-stellt-aus\/"},"modified":"2025-12-19T16:50:42","modified_gmt":"2025-12-19T16:50:42","slug":"zeitenspiegel-stellt-aus","status":"publish","type":"post","link":"https:\/\/www.zeitenspiegel.de\/en\/aktuell\/zeitenspiegel-stellt-aus\/","title":{"rendered":"Zeitenspiegel exhibits"},"content":{"rendered":"<p><strong>Six photographers will show their works at the gallery in Fellbach.<\/strong><\/p>\n\n\n\n<p>Ein Leben in der Fotografie: Fotografen von Zeitenspiegel zeigen in der Galerie der Stadt Fellbach Bilder zu Themen, die ihnen seit langem am Herzen liegen. Die Ausstellung dauert noch bis zum 15. Januar 2023.<\/p>\n\n\n\n<p>Rainer Kwiotek etwa reist seit mehr als 15 Jahren regelm\u00e4\u00dfig nach \u00c4thiopien, trifft Menschen, die Hunger leiden m\u00fcssen, keinen Zugang zu sauberem Wasser und Bildung haben, keine Gesundheitsversorgung, kaum Perspektiven. \u201cMit den ausgestellten Bildern m\u00f6chte ich bewusst eine andere Seite von \u00c4thiopien und seiner Bev\u00f6lkerung zeigen. Das fr\u00f6hliche und unbeschwerte Leben. Die spektakul\u00e4re Landschaft. Alltagsszenen abseits von Hunger, Krisen und Krieg.\u201d<\/p>\n\n\n\n<p>Oder Frank Schultze: \u00dcber Jahre hinweg begleitete er eine Gruppe junger Muslime, die sich gegen religi\u00f6sen Radikalismus und Gewalt engagiert. \u201cAm Ende der Arbeit hatte ich viele Bilder. Und die gro\u00dfe Herausforderung war es, sie gut zusammenzustellen\u201d, sagt Frank. \u201cEben, die Ausgewogenheit zwischen der Aktion als Gruppe und dem Alltagsleben zu finden.\u201d<\/p>\n\n\n\n<p>Durch die Fotografie von Christoph P\u00fcschner ziehen sich Krieg, Flucht und Vertreibung. \u201cKurz nach dem Fall der Mauer, den ich vor 31 Jahren als Fotojournalist hautnah miterlebte\u201d, sagt er, \u201cwar ich davon \u00fcberzeugt, dass nun der Kalte Krieg zwischen den Gro\u00dfm\u00e4chten mit all seinen Stellvertreterkriegen endg\u00fcltig beendet sei.\u201d Eine Illusion, schon 1992 holte ihn bei der verh\u00e4ngnisvollen Evakuierung von 54 Heimkindern aus der von bosnischen Serben belagerten Stadt Sarajevo die Realit\u00e4t ein.<\/p>\n\n\n\n<p>Vor sieben Jahren reiste Sascha Montag erstmals zur gr\u00f6nl\u00e4ndischen Insel Uummannaq, um \u00fcber das n\u00f6rdlichste Kinderheim der Welt zu berichten. \u201cDort verlor ich mein Herz\u201d, so sein Res\u00fcmee. \u201cDie Begegnung mit den Kindern und ihren Betreuern hat mich nachhaltig beeindruckt. Die Arbeit in dem Heim ist gepr\u00e4gt von menschlicher W\u00e4rme und Zuneigung &#8211; und das p\u00e4dagogische Konzept versucht ganz stark, die immer weiter verlorengehenden Traditionen der Region wie Jagen oder Musizieren in den Alltag der Kinder zu tragen.\u201d<\/p>\n\n\n\n<p>Ivo Saglietti fuhr zehn Jahre lang in ein kosovarisches Dorf, in dem der <em>Strict<\/em>-Reporter und Zeitenspiegel-Freund Gabriel Gr\u00fcner in den Neunzigern erschossen worden war. Einmal im Jahr dokumentierte Ivo die Entwicklung, die das Dorf genommen hatte.<\/p>\n\n\n\n<p>\u00c9ric Vazzoler stellt in Fellbach acht Portr\u00e4ts von jungen Teilnehmern an Workshops aus, die er selbst seit Jahren auf Russisch in Kasachstan leitet.<\/p>\n\n\n\n<p>Der Titel der Ausstellung lautet \u201cWas uns bewegt\u201d. Was also treibt die Zeitenspiegel-Fotografen an?<\/p>\n\n\n\n<p>\u201cObwohl ich schon fr\u00fcher mit der Fotografie begonnen hatte\u201d, sagt \u00c9ric, \u201ckam die Entscheidung, sie zu meinem Leben zu machen, mit dem Tod meines Vaters &#8211; als ich 13 Jahre alt war. Die Fotografie ist f\u00fcr mich sicherlich ein Mittel, um die Zeit festzuhalten, die vergeht, und um eine Erinnerung an die Begegnungen, die ich herbeif\u00fchre, zu bewahren.\u201d<\/p>\n\n\n\n<p>Christoph dagegen zeigt Bilder von Kriegen und Krisen, \u201cdiese Fotos geben Zeit und Gelegenheit, sich mit den Menschen und ihren Schicksalen hinter den Schlagworten auseinanderzusetzen\u201d.<\/p>\n\n\n\n<p>Bei Ivo gibt es einen \u00e4hnlichen Antrieb. \u201cIch m\u00f6chte lernen, wie sich der Mensch in komplizierten und gefahrvollen Situationen verh\u00e4lt\u201d, sagt er. \u201cIch m\u00f6chte ihn verstehen.\u201d<\/p>\n\n\n\n<p>Bei Saschas Arbeit stehen die Probleme von Kindern und Jugendlichen im Zentrum &#8211; und die Einrichtungen, Projekte und Menschen, die ihnen helfen. \u201cDieser Schwerpunkt hat wahrscheinlich mit meiner Ausbildung als Sozialp\u00e4dagoge zu tun.\u201d<\/p>\n\n\n\n<p>Franks Antrieb ist es, \u201cneugierig auf Themen zu sein und mich darauf mit Herzblut einzulassen. Ich liebe es, meine Bilder zu gestalten und ihnen in der Nachbearbeitung meinen Stempel aufzudr\u00fccken.\u201d<\/p>\n\n\n\n<p>F\u00fcr Rainer ist Fotografie Ausdruck eines Ankommens. \u201cIch habe in meinem bisherigen Leben viele Berufe ausge\u00fcbt: Ich war Kunstschmied, Augenoptiker, Privatdetektiv und Karatelehrer. Zur Fotografie kam ich \u00fcber Umwege, und sie begeistert mich bis heute.\u201d Sie erm\u00f6gliche ihm, vor der Haust\u00fcr oder weit weg Menschen und ihre bewegenden Geschichten kennenzulernen, ihre Tr\u00e4ume, ihre Ideen, ihre Schicksale, ihre K\u00e4mpfe. Und das, was sie antreibt.<\/p>\n\n\n\n<p>Sechs Wege, sechs Stile. Und viel Gemeinsamkeit \u2013 noch in Fellbach zu sehen f\u00fcr kurze Zeit.<\/p>\n\n\n\n<p>&nbsp;<\/p>\n\n\n\n<p>&nbsp;<\/p>","protected":false},"excerpt":{"rendered":"<p>Six photographers will show their works at the gallery in Fellbach.<\/p><\/p>","protected":false},"author":2,"featured_media":734,"comment_status":"closed","ping_status":"closed","sticky":false,"template":"","format":"standard","meta":{"_FSMCFIC_featured_image_caption":"","_FSMCFIC_featured_image_nocaption":"","_FSMCFIC_featured_image_hide":"","footnotes":""},"categories":[1],"tags":[],"class_list":["post-733","post","type-post","status-publish","format-standard","has-post-thumbnail","hentry","category-aktuell"],"aioseo_notices":[],"_links":{"self":[{"href":"https:\/\/www.zeitenspiegel.de\/en\/wp-json\/wp\/v2\/posts\/733","targetHints":{"allow":["GET"]}}],"collection":[{"href":"https:\/\/www.zeitenspiegel.de\/en\/wp-json\/wp\/v2\/posts"}],"about":[{"href":"https:\/\/www.zeitenspiegel.de\/en\/wp-json\/wp\/v2\/types\/post"}],"author":[{"embeddable":true,"href":"https:\/\/www.zeitenspiegel.de\/en\/wp-json\/wp\/v2\/users\/2"}],"replies":[{"embeddable":true,"href":"https:\/\/www.zeitenspiegel.de\/en\/wp-json\/wp\/v2\/comments?post=733"}],"version-history":[{"count":3,"href":"https:\/\/www.zeitenspiegel.de\/en\/wp-json\/wp\/v2\/posts\/733\/revisions"}],"predecessor-version":[{"id":7897,"href":"https:\/\/www.zeitenspiegel.de\/en\/wp-json\/wp\/v2\/posts\/733\/revisions\/7897"}],"wp:featuredmedia":[{"embeddable":true,"href":"https:\/\/www.zeitenspiegel.de\/en\/wp-json\/wp\/v2\/media\/734"}],"wp:attachment":[{"href":"https:\/\/www.zeitenspiegel.de\/en\/wp-json\/wp\/v2\/media?parent=733"}],"wp:term":[{"taxonomy":"category","embeddable":true,"href":"https:\/\/www.zeitenspiegel.de\/en\/wp-json\/wp\/v2\/categories?post=733"},{"taxonomy":"post_tag","embeddable":true,"href":"https:\/\/www.zeitenspiegel.de\/en\/wp-json\/wp\/v2\/tags?post=733"}],"curies":[{"name":"wp","href":"https:\/\/api.w.org\/{rel}","templated":true}]}}