{"id":778,"date":"2022-05-02T11:19:00","date_gmt":"2022-05-02T11:19:00","guid":{"rendered":"http:\/\/relaunch2025.zeitenspiegel.de\/aktuelles\/hansel-mieth-preis-2022-vergeben\/"},"modified":"2025-07-25T08:19:03","modified_gmt":"2025-07-25T08:19:03","slug":"hansel-mieth-preis-2022-vergeben","status":"publish","type":"post","link":"https:\/\/www.zeitenspiegel.de\/en\/aktuell\/hansel-mieth-preis-2022-vergeben\/","title":{"rendered":"Hansel-Mieth Prize 2022 Awarded"},"content":{"rendered":"<p>This year's Hansel-Mieth-Prize goes to freelance author Amonte Schr\u00f6der-J\u00fcrss and photographer Andy Reiner. The two journalists tell the story of a village where almost all residents care for Hans, an elderly gentleman who has lived with an intellectual disability since birth. Only through collective help can Hans, who no longer has any relatives, live in his parental home and avoid moving into a care facility.<\/p>\n\n\n\n<p>F\u00fcr den Hansel-Mieth-Preis, der dieses Jahr zum 24. Mal verliehen wird, wurden 126 Bewerbungen eingereicht. Er ist mit 6.000 Euro dotiert.<\/p>\n\n\n\n<p>The reporter collective Zeitenspiegel Reportagen commemorates its honorary member Johanna \u201eHansel\u201c Mieth, who died in 1998, with the prize. She worked as a photojournalist for the American magazine <em>Life<\/em> dedicated to social issues. The prize honors outstanding committed reports. Text and photos are evaluated equally.<\/p>\n\n\n\n<p>Folgende Reportagen wurden ebenfalls ausgezeichnet. Sie werden zusammen mit dem Gewinnerbeitrag im Sammelband \u201eHansel-Mieth-Preis 2022\u201c (Schwoerer Verlag) ver\u00f6ffentlicht. Das Buch kann bei Zeitenspiegel Reportagen (<em>hmp@zeitenspiegel.de<\/em>) bestellt werden.<\/p>\n\n\n\n<ul class=\"wp-block-list\">\n<li>\u201eDerek\u201c, Charlotte K\u00f6hler (Text), Michael Hinz (Fotos), <em>GO-Magazin<\/em><\/li>\n\n\n\n<li>\u201eDie hohe Kunst der Politik\u201c, Boris Herrmann (Text), Omer Messinger (Fotos), <em>SZ<\/em><\/li>\n\n\n\n<li>\u201eDie \u00dcbernahme\u201c, Wolfgang Bauer (Text), Andy Spyra (Fotos), <em>The time<\/em><\/li>\n\n\n\n<li>\u201eDie Hanau-Protokolle\u201c, \u00d6zlem Gezer und Timofey Neshitov (Text), Milos Djuric (Fotos), <em>The Mirror<\/em><\/li>\n\n\n\n<li>\u201eAlle f\u00fcr einen\u201c, Vivian Pasquet (Text), Ki\u00ean Ho\u00e0ng L\u00ea (Fotos), <em>Geo<\/em><\/li>\n\n\n\n<li>\u201eDer Letzte seiner Art\u201c, Stephan Lebert und Caterina Lobenstein (Text), Ricardo Wiesinger (Fotos), <em>The time<\/em><\/li>\n\n\n\n<li>\u201eKann das noch ein Zuhause sein?\u201c, Diana Laarz (Text), Daniel Etter (Fotos), <em>The time<\/em><\/li>\n\n\n\n<li>\u201eJenseits von Gut und B\u00f6se\u201c, Jonas Breng (Text), Erin Trieb (Fotos), <em>Strict<\/em><\/li>\n\n\n\n<li>\u201eDie Warnung der Toten\u201c, Jan Christoph Wiechmann (Text), Bruno Kelly (Fotos), <em>Strict<\/em><\/li>\n<\/ul>\n\n\n\n<p><strong>Die Jury: Hansel-Mieth-Preis<\/strong><\/p>\n\n\n\n<p>Amrai Coen (<em>The time<\/em>), Christoph Borgans (freier Reporter), Gesa Gottschalk (<em>Geo<\/em>), Ingrid Ei\u00dfele (Zeitenspiegel Reportagen), Anton Hunger (Publizist), Georg Mair (<em>ff \u2013 The South Tyrolean Weekly Magazine<\/em>), Stephanie Nannen (freelance writer), Ulrike Posche (<em>Strict<\/em>), Michael Schmieder (Publizist, Schweiz), Alexander Smoltczyk (<em>The Mirror<\/em>), Peter Unterthurner (freelance photographer), Jonas Wresch (freelance photographer)<\/p>\n\n\n\n<p><strong>Gabriel-Gr\u00fcner-Stipendium<\/strong><\/p>\n\n\n\n<p>Das Gabriel-Gr\u00fcner-Stipendium 2022 geht an die freie Journalistin Helena Weise und die Fotografin Paulina Metzscher. Die Reporterinnen wollen den Spuren von Feministinnen folgen, die aus Russland ins georgische Tiflis ausgewandert sind.<\/p>\n\n\n\n<p>Der Preis erinnert an den aus Mals in S\u00fcdtirol stammenden <em>Strict<\/em>-Reporter Gabriel Gr\u00fcner, der am 13. Juni 1999 w\u00e4hrend einer Recherche im Kosovo zusammen mit dem Fotografen Volker Kr\u00e4mer und dem \u00dcbersetzer Senol Alit ermordet wurde. Das Gabriel-Gr\u00fcner-Stipendium ist mit 6.000 Euro dotiert. Zus\u00e4tzlich erhalten Autorin und Fotografin ein zweimonatiges Residenzstipendium der Akademie Schloss Solitude in Stuttgart.<\/p>\n\n\n\n<p><strong>Die Jury: Gabriel-Gr\u00fcner-Stipendium<\/strong><\/p>\n\n\n\n<p>Beatrix Gerstberger (freie Autorin), Christoph Borgans (freier Reporter), Angela Butterstein (Akademie Schloss Solitude Stuttgart), Gesa Gottschalk (<em>Geo<\/em>), Peter Gr\u00fcner (Sozialarbeiter Innsbruck, Bruder von Gabriel Gr\u00fcner), Anton Hunger (Publizist), Georg Mair (<em>ff \u2013 The South Tyrolean Weekly Magazine<\/em>), Stephanie Nannen (freelance writer), Ulrike Posche (<em>Strict<\/em>), Bernhard Riedmann (<em>The Mirror<\/em>), Michael Schmieder (Publizist, Schweiz), Peter Unterthurner (freier Fotograf), Jonas Wresch (freier Fotograf)<\/p>\n\n\n\n<p><strong>Gabriel-Gr\u00fcner-Sch\u00fclerpreis<\/strong><\/p>\n\n\n\n<p>Der Gabriel-Gr\u00fcner-Sch\u00fclerpreis f\u00fcr S\u00fcdtirol, den Zeitenspiegel Reportagen gemeinsam mit dem Bildungsausschuss der Gemeinde Mals und dem S\u00fcdtiroler Wochenmagazin <em>ff<\/em> verleiht, geht 2022 an Katharina Lamprecht und Miriam Schwienbacher von der Oberschuldirektion Schlanders f\u00fcr ihre Reportage \u201eMedical Clowns\u201c. Darin beschreiben die beide Sch\u00fclerinnen die schwierigen Aufgaben zweier weiblicher Clowns, die in einem Krankenhaus vor allem junge Patienten aufmuntern.  Ebenfalls ausgezeichnet werden Aaron Munter und Moritz Florian von der Technischen Fachoberschule Bozen f\u00fcr ihren Beitrag \u201eAlltag eines Notarztes\u201c. Einen Tag lang begleiteten die beiden Preistr\u00e4ger einen Notarzt bei seiner verantwortungsvollen Arbeit.<\/p>\n\n\n\n<p><strong>Die Jury: Gabriel-Gr\u00fcner-Sch\u00fclerpreis<\/strong><\/p>\n\n\n\n<p>Beatrix Gerstberger (freie Autorin), Christoph Borgans (freier Reporter), Uschi Entenmann (Zeitenspiegel Reportagen), Angela Butterstein (Akademie Schloss Solitude Stuttgart), Heiko Gebhardt (freier Publizist), Gesa Gottschalk (<em>Geo<\/em>), Peter Gr\u00fcner (Sozialarbeiter Innsbruck, Bruder von Gabriel Gr\u00fcner), Anton Hunger (Publizist), Georg Mair (<em>ff \u2013 The South Tyrolean Weekly Magazine<\/em>), Stephanie Nannen (freie Autorin), Rainer N\u00fcbel (Zeitenspiegel Reportagen), Bernhard Riedmann (Der Spiegel), Michael Schmieder (Publizist, Schweiz), Peter Unterthurner (freier Fotograf), Jonas Wresch (freier Fotograf)<\/p>\n\n\n\n<p><strong>Awards ceremony<\/strong><\/p>\n\n\n\n<p>Die Verleihung des Hansel-Mieth-Preis findet am 6. Juli 2022 um 19 Uhr im Rathaus Fellbach (bei Stuttgart) statt. Die Preisverleihung f\u00fcr das Gabriel-Gr\u00fcner-Stipendium und den Gabriel-Gr\u00fcner-Sch\u00fclerpreis findet im Oktober 2022 in Mals (S\u00fcdtirol) statt. Datum, Festort und Zeit werden noch bekanntgegeben.<\/p>\n\n\n\n<p><strong>R\u00fcckfragen bitte an:<\/strong><\/p>\n\n\n\n<p>Uli Kopp, Zeitenspiegel Reportagen<\/p>\n\n\n\n<p>E-Mail: <em>hmp@zeitenspiegel.de<\/em><\/p>\n\n\n\n<p>Tel.: +49 &#8211; 7151 &#8211; 96460<\/p>\n\n\n\n<p><\/p>\n\n\n\n<p>&nbsp;<\/p>","protected":false},"excerpt":{"rendered":"<p>This year's Hansel-Mieth-Prize goes to freelance author Amonte Schr\u00f6der-J\u00fcrss and photographer Andy Reiner. The two journalists tell the story of a village where almost all residents care for Hans, an elderly gentleman who has lived with an intellectual disability since birth. Only through collective help can Hans, who no longer has any relatives, live in his parental home and avoid moving into a care facility.<\/p><\/p>","protected":false},"author":2,"featured_media":779,"comment_status":"closed","ping_status":"closed","sticky":false,"template":"","format":"standard","meta":{"_FSMCFIC_featured_image_caption":"","_FSMCFIC_featured_image_nocaption":"","_FSMCFIC_featured_image_hide":"","footnotes":""},"categories":[1],"tags":[],"class_list":["post-778","post","type-post","status-publish","format-standard","has-post-thumbnail","hentry","category-aktuell"],"aioseo_notices":[],"_links":{"self":[{"href":"https:\/\/www.zeitenspiegel.de\/en\/wp-json\/wp\/v2\/posts\/778","targetHints":{"allow":["GET"]}}],"collection":[{"href":"https:\/\/www.zeitenspiegel.de\/en\/wp-json\/wp\/v2\/posts"}],"about":[{"href":"https:\/\/www.zeitenspiegel.de\/en\/wp-json\/wp\/v2\/types\/post"}],"author":[{"embeddable":true,"href":"https:\/\/www.zeitenspiegel.de\/en\/wp-json\/wp\/v2\/users\/2"}],"replies":[{"embeddable":true,"href":"https:\/\/www.zeitenspiegel.de\/en\/wp-json\/wp\/v2\/comments?post=778"}],"version-history":[{"count":3,"href":"https:\/\/www.zeitenspiegel.de\/en\/wp-json\/wp\/v2\/posts\/778\/revisions"}],"predecessor-version":[{"id":5577,"href":"https:\/\/www.zeitenspiegel.de\/en\/wp-json\/wp\/v2\/posts\/778\/revisions\/5577"}],"wp:featuredmedia":[{"embeddable":true,"href":"https:\/\/www.zeitenspiegel.de\/en\/wp-json\/wp\/v2\/media\/779"}],"wp:attachment":[{"href":"https:\/\/www.zeitenspiegel.de\/en\/wp-json\/wp\/v2\/media?parent=778"}],"wp:term":[{"taxonomy":"category","embeddable":true,"href":"https:\/\/www.zeitenspiegel.de\/en\/wp-json\/wp\/v2\/categories?post=778"},{"taxonomy":"post_tag","embeddable":true,"href":"https:\/\/www.zeitenspiegel.de\/en\/wp-json\/wp\/v2\/tags?post=778"}],"curies":[{"name":"wp","href":"https:\/\/api.w.org\/{rel}","templated":true}]}}