{"id":784,"date":"2022-03-08T10:00:00","date_gmt":"2022-03-08T10:00:00","guid":{"rendered":"http:\/\/relaunch2025.zeitenspiegel.de\/aktuelles\/jurysitzungen-verschoben\/"},"modified":"2025-05-09T06:09:48","modified_gmt":"2025-05-09T06:09:48","slug":"jurysitzungen-verschoben","status":"publish","type":"post","link":"https:\/\/www.zeitenspiegel.de\/en\/aktuell\/jurysitzungen-verschoben\/","title":{"rendered":"Court sessions postponed"},"content":{"rendered":"<p>This year's decisions for the Hansel-Mieth Prize, Gabriel Gr\u00fcner Scholarship, and Gabriel Gr\u00fcner Student Prize have been postponed due to the war in Ukraine.<\/p>\n<p><body mode=\"normal\" word-count=\"150\"><\/p>\n<p>In der ersten M\u00e4rzwoche treffen sich \u00fcblicherweise allj\u00e4hrlich die Jurys des Hansel-Mieth-Preises, des Gabriel-Gr\u00fcner-Stipendiums und des Gabriel-Gr\u00fcner-Sch\u00fclerpreises. Mal im italienischen Mals, dem Geburtsort unseres Kollegen Gabriel Gr\u00fcner (im Bild rechts), mal im schw\u00e4bischen Berglen, dem Geburtsort von Hansel Mieth.<\/p>\n<p>Doch dieses Jahr mussten wir, erstmalig in der 24-j\u00e4hrigen Geschichte des Hansel-Mieth-Preises, die Sitzungen verschieben. Die Besch\u00e4ftigung mit den besten Reportagen des Jahres ist wichtig, aber momentan sind die Reporterinnen, Fotografen und Bildredakteure der Jury vollauf mit dem Ukraine-Krieg und seinen Folgen besch\u00e4ftigt. \u201eDeshalb\u201c, so Uli Reinhardt, \u201eholen wir die Sitzungen nach, wenn die Lage dies wieder zul\u00e4sst.\u201c<\/p>\n<p>Jurierung und Preisverleihung sollen noch in diesem Jahr stattfinden.<\/p>\n<p><img decoding=\"async\" src=\"https:\/\/www.zeitenspiegel.de\/wp-content\/uploads\/2025\/05\/gg_culi-reinhardt_zeitenspiegel.jpg\" alt=\"Gabriel Gr\u00fcner, 1995\"\/><\/p>\n<p><em>Gabriel Gr\u00fcner (r.) 1995 w\u00e4hrend eines Interviews mit den bosnischen Gener\u00e4len Atif Dudakovic (l.) und Mehmed Alagic in der gerade befreiten Stadt Sanski Most. Dem stern-Reporter, der 1999 am Dulje-Pass im Kosovo ermordet wurde, ist das Gabriel-Gr\u00fcner-Stipendium gewidmet. (c) Uli Reinhardt\/Zeitenspiegel<\/em><\/p>\n<p><\/body><\/p>\n<p>&nbsp;<\/p>","protected":false},"excerpt":{"rendered":"<p>This year's decisions for the Hansel-Mieth Prize, Gabriel Gr\u00fcner Scholarship, and Gabriel Gr\u00fcner Student Prize have been postponed due to the war in Ukraine.<\/p>","protected":false},"author":2,"featured_media":785,"comment_status":"closed","ping_status":"closed","sticky":false,"template":"","format":"standard","meta":{"_FSMCFIC_featured_image_caption":"","_FSMCFIC_featured_image_nocaption":"","_FSMCFIC_featured_image_hide":"","footnotes":""},"categories":[1],"tags":[],"class_list":["post-784","post","type-post","status-publish","format-standard","has-post-thumbnail","hentry","category-aktuell"],"aioseo_notices":[],"_links":{"self":[{"href":"https:\/\/www.zeitenspiegel.de\/en\/wp-json\/wp\/v2\/posts\/784","targetHints":{"allow":["GET"]}}],"collection":[{"href":"https:\/\/www.zeitenspiegel.de\/en\/wp-json\/wp\/v2\/posts"}],"about":[{"href":"https:\/\/www.zeitenspiegel.de\/en\/wp-json\/wp\/v2\/types\/post"}],"author":[{"embeddable":true,"href":"https:\/\/www.zeitenspiegel.de\/en\/wp-json\/wp\/v2\/users\/2"}],"replies":[{"embeddable":true,"href":"https:\/\/www.zeitenspiegel.de\/en\/wp-json\/wp\/v2\/comments?post=784"}],"version-history":[{"count":1,"href":"https:\/\/www.zeitenspiegel.de\/en\/wp-json\/wp\/v2\/posts\/784\/revisions"}],"predecessor-version":[{"id":786,"href":"https:\/\/www.zeitenspiegel.de\/en\/wp-json\/wp\/v2\/posts\/784\/revisions\/786"}],"wp:featuredmedia":[{"embeddable":true,"href":"https:\/\/www.zeitenspiegel.de\/en\/wp-json\/wp\/v2\/media\/785"}],"wp:attachment":[{"href":"https:\/\/www.zeitenspiegel.de\/en\/wp-json\/wp\/v2\/media?parent=784"}],"wp:term":[{"taxonomy":"category","embeddable":true,"href":"https:\/\/www.zeitenspiegel.de\/en\/wp-json\/wp\/v2\/categories?post=784"},{"taxonomy":"post_tag","embeddable":true,"href":"https:\/\/www.zeitenspiegel.de\/en\/wp-json\/wp\/v2\/tags?post=784"}],"curies":[{"name":"wp","href":"https:\/\/api.w.org\/{rel}","templated":true}]}}