{"id":811,"date":"2021-08-11T06:23:00","date_gmt":"2021-08-11T06:23:00","guid":{"rendered":"http:\/\/relaunch2025.zeitenspiegel.de\/aktuelles\/preis-von-unten-an-uhlenkamp-und-montag\/"},"modified":"2025-12-19T16:56:40","modified_gmt":"2025-12-19T16:56:40","slug":"preis-von-unten-an-uhlenkamp-und-montag","status":"publish","type":"post","link":"https:\/\/www.zeitenspiegel.de\/en\/aktuell\/preis-von-unten-an-uhlenkamp-und-montag\/","title":{"rendered":"Price \u201efrom below\u201c to Uhlenkamp and Montag"},"content":{"rendered":"<p>Zeitenspiegel author Rike Uhlenkamp and Zeitenspiegel photographer Sascha Montag have won this year's \u201evon unten\u201c journalism prize from the Austrian Poverty Conference.\u00a0<\/p>\n\n\n\n<p>Das Team erhielt den Hauptpreis in der Kategorie Print f\u00fcr ihren Artikel \u201eL\u00e4nger als neun Monate blieb keiner\u201c \u00fcber das VinziDorf-Hospiz in Graz, erschienen in der <em>Wienerin<\/em>.<\/p>\n\n\n\n<p>\u201eRike Uhlenkamp beschreibt auf eindrucksvolle Weise, wie einf\u00fchlsam sich die Betreuer*innen auf Augenh\u00f6he um die Menschen k\u00fcmmern. Ohne auf die Tr\u00e4nendr\u00fcse zu dr\u00fccken, erz\u00e4hlt sie von Menschen, die sonst kaum beachtet werden. Sascha Montag gibt dem Artikel mit seinen aussagekr\u00e4ftigen Bildern, die durch ihre eindringliche Bildsprache bestechen, einen w\u00fcrdigen Rahmen\u201c, begr\u00fcndet die Jury ihre Entscheidung.<\/p>\n\n\n\n<p>Die Armutskonferenz schreibt seit 2010 j\u00e4hrlich den Preis aus, der \u201etiefgr\u00fcndige und respektvolle Armutsberichterstattung\u201c pr\u00e4miert. Eine Jury, bestehend aus Menschen mit Armutserfahrungen, bewertet die eingereichten Beitr\u00e4ge. Die besten werden mit einem \u201eDrachen der Armut\u201c ausgezeichnet.<\/p>\n\n\n\n<p>Die festliche <a href=\"https:\/\/www.armutskonferenz.at\/news\/news-2021\/ausgezeichnete-beitraege-journalismuspreis-von-unten-2020-vergeben.html\">Awards ceremony<\/a> fand am 5. Juli 2021 im Presseclub Concordia in Wien statt. Wie alle anderen Ausgezeichneten betonten Sascha Montag und Rike Uhlenkamp, den Preis als besondere Ehre zu empfinden, da er von Menschen verliehen werde, die sehr genau wissen, wie ein Alltag in Armut sich anf\u00fchlt.<\/p>\n\n\n\n<p>Die Armutskonferenz ist seit 1995 als Netzwerk von \u00fcber 40 sozialen Organisationen sowie Bildungs- und Forschungseinrichtungen aktiv. Sie thematisiert Hintergr\u00fcnde und Ursachen, Daten und Fakten, Strategien und Ma\u00dfnahmen gegen Armut und soziale Ausgrenzung in \u00d6sterreich. Gemeinsam mit Armutsbetroffenen engagiert sie sich f\u00fcr eine Verbesserung von deren Lebenssituation. Die in der Armutskonferenz zusammengeschlossenen sozialen Organisationen beraten, unterst\u00fctzen und begleiten mehr als 500.000 Menschen.<\/p>\n\n\n\n<p>&nbsp;<\/p>\n\n\n\n<p>&nbsp;<\/p>","protected":false},"excerpt":{"rendered":"<p>Zeitenspiegel author Rike Uhlenkamp and Zeitenspiegel photographer Sascha Montag have won this year's \u201evon unten\u201c journalism prize from the Austrian Poverty Conference.<\/p><\/p>","protected":false},"author":2,"featured_media":812,"comment_status":"closed","ping_status":"closed","sticky":false,"template":"","format":"standard","meta":{"_FSMCFIC_featured_image_caption":"","_FSMCFIC_featured_image_nocaption":"","_FSMCFIC_featured_image_hide":"","footnotes":""},"categories":[1],"tags":[],"class_list":["post-811","post","type-post","status-publish","format-standard","has-post-thumbnail","hentry","category-aktuell"],"aioseo_notices":[],"_links":{"self":[{"href":"https:\/\/www.zeitenspiegel.de\/en\/wp-json\/wp\/v2\/posts\/811","targetHints":{"allow":["GET"]}}],"collection":[{"href":"https:\/\/www.zeitenspiegel.de\/en\/wp-json\/wp\/v2\/posts"}],"about":[{"href":"https:\/\/www.zeitenspiegel.de\/en\/wp-json\/wp\/v2\/types\/post"}],"author":[{"embeddable":true,"href":"https:\/\/www.zeitenspiegel.de\/en\/wp-json\/wp\/v2\/users\/2"}],"replies":[{"embeddable":true,"href":"https:\/\/www.zeitenspiegel.de\/en\/wp-json\/wp\/v2\/comments?post=811"}],"version-history":[{"count":4,"href":"https:\/\/www.zeitenspiegel.de\/en\/wp-json\/wp\/v2\/posts\/811\/revisions"}],"predecessor-version":[{"id":7909,"href":"https:\/\/www.zeitenspiegel.de\/en\/wp-json\/wp\/v2\/posts\/811\/revisions\/7909"}],"wp:featuredmedia":[{"embeddable":true,"href":"https:\/\/www.zeitenspiegel.de\/en\/wp-json\/wp\/v2\/media\/812"}],"wp:attachment":[{"href":"https:\/\/www.zeitenspiegel.de\/en\/wp-json\/wp\/v2\/media?parent=811"}],"wp:term":[{"taxonomy":"category","embeddable":true,"href":"https:\/\/www.zeitenspiegel.de\/en\/wp-json\/wp\/v2\/categories?post=811"},{"taxonomy":"post_tag","embeddable":true,"href":"https:\/\/www.zeitenspiegel.de\/en\/wp-json\/wp\/v2\/tags?post=811"}],"curies":[{"name":"wp","href":"https:\/\/api.w.org\/{rel}","templated":true}]}}