{"id":850,"date":"2020-10-15T12:46:00","date_gmt":"2020-10-15T12:46:00","guid":{"rendered":"http:\/\/relaunch2025.zeitenspiegel.de\/aktuelles\/zeitenspiegel-doku-auf-arte\/"},"modified":"2025-12-19T17:04:39","modified_gmt":"2025-12-19T17:04:39","slug":"zeitenspiegel-doku-auf-arte","status":"publish","type":"post","link":"https:\/\/www.zeitenspiegel.de\/en\/aktuell\/zeitenspiegel-doku-auf-arte\/","title":{"rendered":"Zeitenspiegel-Doku auf Arte"},"content":{"rendered":"<p>Noch zu Beginn der Corona-Pandemie im M\u00e4rz haben die Zeitenspiegel-Reporter Carsten Stormer und David Sahay f\u00fcr den deutsch-franz\u00f6sischen Sender Arte eine Auslandsreportage in Malaysia gedreht. Der 45-min\u00fctige Film wurde im Oktober erstmals ausgestrahlt.<\/p>\n\n\n\n<p>\u00a0In dem Film \u201eBlasrohre gegen Bulldozer\u201c geht es um die Penan, eines der letzten Naturv\u00f6lker der Erde. Sie leben in den Regenw\u00e4ldern des malaysischen Bundesstaates Sarawak auf Borneo. Carsten Stormer und David Sahay begleiteten drei Penan-Sippen, die auf ganz unterschiedliche Weise mit ihrer Lebenswirklichkeit umgehen: Peng Megut, der als einer der letzten Waldnomaden noch mit Blasrohr durch die W\u00e4lder streift. Dessen Onkel Selai Sega, den ein Schicksalsschlag dazu zwang, sesshaft zu werden. Und eine kleine Schar von st\u00f6rrischen Halbnomaden, die sich erfolgreich gegen eine Palm\u00f6lplantage wehrten, die unerlaubt in ihr Land eingedrungen war.<\/p>\n\n\n\n<p>Carsten Stormer hatte den Dreh \u00fcber Monate vorbereitet und schlie\u00dflich in Zusammenarbeit mit der Produktionsfirma Kobalt Documentary umgesetzt. David Sahay, seit diesem Jahr bei Zeitenspiegel, hat ihn bei der Kameraarbeit unter den Extrembedingungen auf Borneo unterst\u00fctzt. Die beiden waren rund zwei Wochen vor Ort und mussten die Dreharbeiten letztlich einige Tage fr\u00fcher abschlie\u00dfen als geplant, um die Insel vor den weltweiten Grenzschlie\u00dfungen rechtzeitig zu verlassen.<\/p>\n\n\n\n<p>Zum ersten Mal ausgestrahlt wurde die Doku am 3. Oktober 2020.<\/p>\n\n\n\n<p>In der Mediathek ist das Video noch bis zum 1. November 2020 verf\u00fcgbar:<\/p>\n\n\n\n<p><a href=\"https:\/\/www.arte.tv\/de\/videos\/092195-000-A\/blasrohre-gegen-bulldozer\">https:\/\/www.arte.tv\/de\/videos\/092195-000-A\/blasrohre-gegen-bulldozer<\/a><\/p>\n\n\n\n<p>&nbsp;<\/p>\n\n\n\n<p>&nbsp;<\/p>","protected":false},"excerpt":{"rendered":"<p>Noch zu Beginn der Corona-Pandemie im M\u00e4rz haben die Zeitenspiegel-Reporter Carsten Stormer und David Sahay f\u00fcr den deutsch-franz\u00f6sischen Sender Arte eine Auslandsreportage in Malaysia gedreht. Der 45-min\u00fctige Film wurde im Oktober erstmals ausgestrahlt.<\/p><\/p>","protected":false},"author":2,"featured_media":851,"comment_status":"closed","ping_status":"closed","sticky":false,"template":"","format":"standard","meta":{"_FSMCFIC_featured_image_caption":"","_FSMCFIC_featured_image_nocaption":"","_FSMCFIC_featured_image_hide":"","footnotes":""},"categories":[1],"tags":[],"class_list":["post-850","post","type-post","status-publish","format-standard","has-post-thumbnail","hentry","category-aktuell"],"aioseo_notices":[],"_links":{"self":[{"href":"https:\/\/www.zeitenspiegel.de\/en\/wp-json\/wp\/v2\/posts\/850","targetHints":{"allow":["GET"]}}],"collection":[{"href":"https:\/\/www.zeitenspiegel.de\/en\/wp-json\/wp\/v2\/posts"}],"about":[{"href":"https:\/\/www.zeitenspiegel.de\/en\/wp-json\/wp\/v2\/types\/post"}],"author":[{"embeddable":true,"href":"https:\/\/www.zeitenspiegel.de\/en\/wp-json\/wp\/v2\/users\/2"}],"replies":[{"embeddable":true,"href":"https:\/\/www.zeitenspiegel.de\/en\/wp-json\/wp\/v2\/comments?post=850"}],"version-history":[{"count":3,"href":"https:\/\/www.zeitenspiegel.de\/en\/wp-json\/wp\/v2\/posts\/850\/revisions"}],"predecessor-version":[{"id":7922,"href":"https:\/\/www.zeitenspiegel.de\/en\/wp-json\/wp\/v2\/posts\/850\/revisions\/7922"}],"wp:featuredmedia":[{"embeddable":true,"href":"https:\/\/www.zeitenspiegel.de\/en\/wp-json\/wp\/v2\/media\/851"}],"wp:attachment":[{"href":"https:\/\/www.zeitenspiegel.de\/en\/wp-json\/wp\/v2\/media?parent=850"}],"wp:term":[{"taxonomy":"category","embeddable":true,"href":"https:\/\/www.zeitenspiegel.de\/en\/wp-json\/wp\/v2\/categories?post=850"},{"taxonomy":"post_tag","embeddable":true,"href":"https:\/\/www.zeitenspiegel.de\/en\/wp-json\/wp\/v2\/tags?post=850"}],"curies":[{"name":"wp","href":"https:\/\/api.w.org\/{rel}","templated":true}]}}