{"id":8797,"date":"2026-09-02T10:55:29","date_gmt":"2026-09-02T10:55:29","guid":{"rendered":"https:\/\/www.zeitenspiegel.de\/?p=8797"},"modified":"2026-09-02T14:02:19","modified_gmt":"2026-09-02T14:02:19","slug":"nachruf-auf-einen-talentierten-freund","status":"publish","type":"post","link":"https:\/\/www.zeitenspiegel.de\/en\/nachruf-auf-einen-talentierten-freund.htm","title":{"rendered":"Nachruf auf einen talentierten Freund"},"content":{"rendered":"<p class=\"wp-block-paragraph\">Als ich Paul Lampe zum ersten Mal traf, sa\u00df er in der Fotoredaktion des <em>Stern<\/em> in einem eigenen, durch eine Glaswand abgeschirmten B\u00fcro, eine Art\u00a0<em>splendid isolation<\/em>, die durch seine Erscheinung noch betont wurde: ein feingliedriger Typ mit markant gefurchtem Gesicht unter einer schwarzen M\u00e4hne, die ihm in elegantem Schwung auf die Schulter wallte.<\/p>\n\n\n\n<p class=\"wp-block-paragraph\">Das liegt fast ein halbes Jahrhundert zur\u00fcck, dennoch erinnere mich noch an Details wie den Montblancf\u00fcller und den edel gebundenen Folianten, in den er mit gestochener Schrift unz\u00e4hlige Adressen aufgelistet hatte, ebenso an das dunkle, seidige Papier, mit dem er sich, ohne hinzusehen, eine Zigarette drehte, w\u00e4hrend ich ihm mein Leid klagte.\u00a0<\/p>\n\n\n\n<p class=\"wp-block-paragraph\">Mein Problem war, dass sich keiner der fest angestellten Fotografen des <em>Stern<\/em> fand, um mich auf eine Reise in die Magellanstra\u00dfe zu begleiten, wo Fischer kleine Delphine, sogenannte Toninas, fingen, zerhackten und in Reusen als K\u00f6der auslegten, um Seespinnen anzulocken. Das Fleisch dieser riesigen Viecher galt als begehrte und hochpreisige Delikatesse, mit der Folge, dass Tonina und Spinne vom Aussterben bedroht waren.<\/p>\n\n\n\n<p class=\"wp-block-paragraph\">Das sollte man doch im <em>Stern<\/em> anprangern, fand ich, worauf Paul Lampe in seinem edlen Folianten bl\u00e4tterte und sagte, er h\u00e4tte da einen Kontakt zu einer neuen schw\u00e4bischen Agentur, die sich vor keinem Risiko scheute \u2013 und so begegnete ich zum ersten Mal Uli Reinhardt, den ich auf einer langen, aufwendigen und schlie\u00dflich v\u00f6llig erfolglosen Recherche in der Magellanstra\u00dfe kennen und sch\u00e4tzen lernte.\u00a0<\/p>\n\n\n\n<p class=\"wp-block-paragraph\">Der Kontakt zu Paul blieb bestehen, auch nachdem er und ich den <em>Stern<\/em> verlassen hatten: Ich wurde Teil des Zeitenspiegels und auch Paul landete nach vielen Weltreisen und beruflichen Umwegen vor zwanzig Jahren bei uns, mit dem Auftrag, unsere Fotografen zu betreuen. In den vier Jahren, die er bei uns war, entdeckte ich, dass sich hinter seiner extravaganten Erscheinung eine erstaunliche Vielfalt von Talenten verbarg. Ohne je Informatik oder \u00e4hnliches studiert zu haben, verstand er es, die verwirrenden Innereien von Computerprogrammen zu durchschauen. Noch heute schw\u00e4rmt unsere Edeltraud davon, wie er die Fehlerquellen ihres Buchhaltungsprogramm in tage- und n\u00e4chtelanger Suche aufgesp\u00fcrt und beseitigt hatte.\u00a0<\/p>\n\n\n\n<p class=\"wp-block-paragraph\">Was mich jedoch vor allem beeindruckte, waren seine profunden Einsichten in Literatur und Kunst. Er kannte sich aus im Gesamtwerk von Tolstoi und Dostojewski, hatte die 1500 Seiten von Musils \u201eMann ohne Eigenschaften\u201c gelesen und sich auch noch als H\u00f6rbuch reingezogen. Lesen sei Reisen in fremde Welten, schrieb er in seinem Abschiedsbrief an Familie und Freunde, danach verstehe man die Welt ein wenig besser. \u00c4hnlich unterwegs war er, wenn es um Musik ging. Er h\u00f6rte sie immer wieder, ob Beatles oder Bob Dylan, Mozart oder Verdis Opern, reiste als Augenzeuge der bildenden Kunst durch die Camargue auf den Spuren von van Gogh, hatte Michelangelos Pieta in der Sixtinischen Kapelle besucht und im Atelier von Cezanne \u201ehundert verschiedene Gr\u00fcn\u201c entdeckt.<\/p>\n\n\n\n<p class=\"wp-block-paragraph\">So schien mir Paul Lampe ein Paradox zu leben: unabl\u00e4ssig unterwegs und dennoch im Hier und Jetzt ruhend. Leitstern seines Lebens, schrieb er, sei der griechischen Gott Kairos, zust\u00e4ndig f\u00fcr den fl\u00fcchtigen, aber richtigen Augenblick einer Entscheidung. Wenn wir Ende September Abschied von Paul nehmen, werde ich an das Zitat der Historikerin Alice Earle denken, das er zum Agens seines Lebens ernannt hatte:<\/p>\n\n\n\n<p class=\"wp-block-paragraph\">Yesterday is history. Tomorrow is a mystery. Today is a gift.<\/p>\n\n\n\n<p class=\"wp-block-paragraph\"><em>Erdmann Wingert<\/em><\/p>","protected":false},"excerpt":{"rendered":"<p>Als ich Paul Lampe zum ersten Mal traf, sa\u00df er in der Fotoredaktion des <i>Stern<\/i> in einem eigenen, durch eine Glaswand abgeschirmten B\u00fcro, eine Art\u00a0<i>splendid isolation<\/i>, die durch seine Erscheinung noch betont wurde: ein feingliedriger Typ mit markant gefurchtem Gesicht unter einer schwarzen M\u00e4hne, die ihm in elegantem Schwung auf die Schulter wallte.<\/p>","protected":false},"author":2,"featured_media":8798,"comment_status":"closed","ping_status":"closed","sticky":false,"template":"","format":"standard","meta":{"_FSMCFIC_featured_image_caption":"","_FSMCFIC_featured_image_nocaption":"","_FSMCFIC_featured_image_hide":"","footnotes":""},"categories":[1],"tags":[],"class_list":["post-8797","post","type-post","status-publish","format-standard","has-post-thumbnail","hentry","category-aktuell"],"aioseo_notices":[],"aioseo_head":"\n\t\t<!-- All in One SEO 5.0.1.1 - aioseo.com -->\n\t<meta name=\"description\" content=\"Als ich Paul Lampe zum ersten Mal traf, sa\u00df er in der Fotoredaktion des Stern in einem eigenen, durch eine Glaswand abgeschirmten B\u00fcro, eine Art splendid isolation, die durch seine Erscheinung noch betont wurde: ein feingliedriger Typ mit markant gefurchtem Gesicht unter einer schwarzen M\u00e4hne, die ihm in elegantem Schwung auf die Schulter wallte.\" \/>\n\t<meta name=\"robots\" content=\"max-image-preview:large\" \/>\n\t<meta name=\"author\" content=\"Rainer Kwiotek\"\/>\n\t<link rel=\"canonical\" href=\"https:\/\/www.zeitenspiegel.de\/en\/nachruf-auf-einen-talentierten-freund.htm\" \/>\n\t<meta name=\"generator\" content=\"All in One SEO (AIOSEO) 5.0.1.1\" \/>\n\t\t<meta property=\"og:locale\" content=\"en_US\" \/>\n\t\t<meta property=\"og:site_name\" content=\"Zeitenspiegel Reportagen \u2192 Die Agentur f\u00fcr Reportagen\" \/>\n\t\t<meta property=\"og:type\" content=\"article\" \/>\n\t\t<meta property=\"og:title\" content=\"Nachruf auf einen talentierten Freund \u2192 Zeitenspiegel Reportagen\" \/>\n\t\t<meta property=\"og:description\" content=\"Als ich Paul Lampe zum ersten Mal traf, sa\u00df er in der Fotoredaktion des Stern in einem eigenen, durch eine Glaswand abgeschirmten B\u00fcro, eine Art splendid isolation, die durch seine Erscheinung noch betont wurde: ein feingliedriger Typ mit markant gefurchtem Gesicht unter einer schwarzen M\u00e4hne, die ihm in elegantem Schwung auf die Schulter wallte.\" \/>\n\t\t<meta property=\"og:url\" content=\"https:\/\/www.zeitenspiegel.de\/en\/nachruf-auf-einen-talentierten-freund.htm\" \/>\n\t\t<meta property=\"og:image\" content=\"https:\/\/www.zeitenspiegel.de\/wp-content\/uploads\/2025\/12\/zeitenspiegel-reportagen-logo.svg\" \/>\n\t\t<meta property=\"og:image:secure_url\" content=\"https:\/\/www.zeitenspiegel.de\/wp-content\/uploads\/2025\/12\/zeitenspiegel-reportagen-logo.svg\" \/>\n\t\t<meta property=\"og:image:width\" content=\"517\" \/>\n\t\t<meta property=\"og:image:height\" content=\"42\" \/>\n\t\t<meta property=\"article:published_time\" content=\"2026-09-02T10:55:29+00:00\" \/>\n\t\t<meta property=\"article:modified_time\" content=\"2026-09-02T14:02:19+00:00\" \/>\n\t\t<meta property=\"article:publisher\" content=\"https:\/\/www.facebook.com\/Zeitenspiegel\/\" \/>\n\t\t<meta name=\"twitter:card\" content=\"summary_large_image\" \/>\n\t\t<meta name=\"twitter:title\" content=\"Nachruf auf einen talentierten Freund \u2192 Zeitenspiegel Reportagen\" \/>\n\t\t<meta name=\"twitter:description\" content=\"Als ich Paul Lampe zum ersten Mal traf, sa\u00df er in der Fotoredaktion des Stern in einem eigenen, durch eine Glaswand abgeschirmten B\u00fcro, eine Art splendid isolation, die durch seine Erscheinung noch betont wurde: ein feingliedriger Typ mit markant gefurchtem Gesicht unter einer schwarzen M\u00e4hne, die ihm in elegantem Schwung auf die Schulter wallte.\" \/>\n\t\t<meta name=\"twitter:image\" content=\"https:\/\/www.zeitenspiegel.de\/wp-content\/uploads\/2025\/12\/zeitenspiegel-reportagen-logo.svg\" \/>\n\t\t<script type=\"application\/ld+json\" class=\"aioseo-schema\">\n\t\t\t{\"@context\":\"https:\\\/\\\/schema.org\",\"@graph\":[{\"@type\":\"BlogPosting\",\"@id\":\"https:\\\/\\\/www.zeitenspiegel.de\\\/en\\\/nachruf-auf-einen-talentierten-freund.htm#blogposting\",\"name\":\"Nachruf auf einen talentierten Freund \\u2192 Zeitenspiegel Reportagen\",\"headline\":\"Nachruf auf einen talentierten Freund\",\"author\":{\"@id\":\"https:\\\/\\\/www.zeitenspiegel.de\\\/en\\\/author\\\/rainer-kwiotek#author\"},\"publisher\":{\"@id\":\"https:\\\/\\\/www.zeitenspiegel.de\\\/en\\\/#organization\"},\"image\":{\"@type\":\"ImageObject\",\"url\":\"https:\\\/\\\/www.zeitenspiegel.de\\\/wp-content\\\/uploads\\\/2026\\\/09\\\/Paul_neu.jpg\",\"width\":1028,\"height\":636},\"datePublished\":\"2026-09-02T10:55:29+00:00\",\"dateModified\":\"2026-09-02T14:02:19+00:00\",\"inLanguage\":\"en-US\",\"mainEntityOfPage\":{\"@id\":\"https:\\\/\\\/www.zeitenspiegel.de\\\/en\\\/nachruf-auf-einen-talentierten-freund.htm#webpage\"},\"isPartOf\":{\"@id\":\"https:\\\/\\\/www.zeitenspiegel.de\\\/en\\\/nachruf-auf-einen-talentierten-freund.htm#webpage\"},\"articleSection\":\"Aktuell\"},{\"@type\":\"BreadcrumbList\",\"@id\":\"https:\\\/\\\/www.zeitenspiegel.de\\\/en\\\/nachruf-auf-einen-talentierten-freund.htm#breadcrumblist\",\"itemListElement\":[{\"@type\":\"ListItem\",\"@id\":\"https:\\\/\\\/www.zeitenspiegel.de\\\/en#listItem\",\"position\":1,\"name\":\"Home\",\"item\":\"https:\\\/\\\/www.zeitenspiegel.de\\\/en\",\"nextItem\":{\"@type\":\"ListItem\",\"@id\":\"https:\\\/\\\/www.zeitenspiegel.de\\\/en\\\/category\\\/aktuell#listItem\",\"name\":\"Aktuell\"}},{\"@type\":\"ListItem\",\"@id\":\"https:\\\/\\\/www.zeitenspiegel.de\\\/en\\\/category\\\/aktuell#listItem\",\"position\":2,\"name\":\"Aktuell\",\"item\":\"https:\\\/\\\/www.zeitenspiegel.de\\\/en\\\/category\\\/aktuell\",\"nextItem\":{\"@type\":\"ListItem\",\"@id\":\"https:\\\/\\\/www.zeitenspiegel.de\\\/en\\\/nachruf-auf-einen-talentierten-freund.htm#listItem\",\"name\":\"Nachruf auf einen talentierten Freund\"},\"previousItem\":{\"@type\":\"ListItem\",\"@id\":\"https:\\\/\\\/www.zeitenspiegel.de\\\/en#listItem\",\"name\":\"Home\"}},{\"@type\":\"ListItem\",\"@id\":\"https:\\\/\\\/www.zeitenspiegel.de\\\/en\\\/nachruf-auf-einen-talentierten-freund.htm#listItem\",\"position\":3,\"name\":\"Nachruf auf einen talentierten Freund\",\"previousItem\":{\"@type\":\"ListItem\",\"@id\":\"https:\\\/\\\/www.zeitenspiegel.de\\\/en\\\/category\\\/aktuell#listItem\",\"name\":\"Aktuell\"}}]},{\"@type\":\"Organization\",\"@id\":\"https:\\\/\\\/www.zeitenspiegel.de\\\/en\\\/#organization\",\"name\":\"Zeitenspiegel Reportagen\",\"description\":\"Die Agentur f\\u00fcr Reportagen\",\"url\":\"https:\\\/\\\/www.zeitenspiegel.de\\\/en\\\/\",\"logo\":{\"@type\":\"ImageObject\",\"url\":\"https:\\\/\\\/www.zeitenspiegel.de\\\/wp-content\\\/uploads\\\/2025\\\/12\\\/zeitenspiegel-reportagen-logo.svg\",\"@id\":\"https:\\\/\\\/www.zeitenspiegel.de\\\/en\\\/nachruf-auf-einen-talentierten-freund.htm\\\/#organizationLogo\",\"width\":516,\"height\":42,\"caption\":\"Zeitenspiegel Reportagen Logo\"},\"image\":{\"@id\":\"https:\\\/\\\/www.zeitenspiegel.de\\\/en\\\/nachruf-auf-einen-talentierten-freund.htm\\\/#organizationLogo\"},\"sameAs\":[\"https:\\\/\\\/www.facebook.com\\\/Zeitenspiegel\\\/\",\"https:\\\/\\\/www.instagram.com\\\/zeitenspiegel\\\/\"]},{\"@type\":\"Person\",\"@id\":\"https:\\\/\\\/www.zeitenspiegel.de\\\/en\\\/author\\\/rainer-kwiotek#author\",\"url\":\"https:\\\/\\\/www.zeitenspiegel.de\\\/en\\\/author\\\/rainer-kwiotek\",\"name\":\"Rainer Kwiotek\"},{\"@type\":\"WebPage\",\"@id\":\"https:\\\/\\\/www.zeitenspiegel.de\\\/en\\\/nachruf-auf-einen-talentierten-freund.htm#webpage\",\"url\":\"https:\\\/\\\/www.zeitenspiegel.de\\\/en\\\/nachruf-auf-einen-talentierten-freund.htm\",\"name\":\"Nachruf auf einen talentierten Freund \\u2192 Zeitenspiegel Reportagen\",\"description\":\"Als ich Paul Lampe zum ersten Mal traf, sa\\u00df er in der Fotoredaktion des Stern in einem eigenen, durch eine Glaswand abgeschirmten B\\u00fcro, eine Art splendid isolation, die durch seine Erscheinung noch betont wurde: ein feingliedriger Typ mit markant gefurchtem Gesicht unter einer schwarzen M\\u00e4hne, die ihm in elegantem Schwung auf die Schulter wallte.\",\"inLanguage\":\"en-US\",\"isPartOf\":{\"@id\":\"https:\\\/\\\/www.zeitenspiegel.de\\\/en\\\/#website\"},\"breadcrumb\":{\"@id\":\"https:\\\/\\\/www.zeitenspiegel.de\\\/en\\\/nachruf-auf-einen-talentierten-freund.htm#breadcrumblist\"},\"author\":{\"@id\":\"https:\\\/\\\/www.zeitenspiegel.de\\\/en\\\/author\\\/rainer-kwiotek#author\"},\"creator\":{\"@id\":\"https:\\\/\\\/www.zeitenspiegel.de\\\/en\\\/author\\\/rainer-kwiotek#author\"},\"image\":{\"@type\":\"ImageObject\",\"url\":\"https:\\\/\\\/www.zeitenspiegel.de\\\/wp-content\\\/uploads\\\/2026\\\/09\\\/Paul_neu.jpg\",\"@id\":\"https:\\\/\\\/www.zeitenspiegel.de\\\/en\\\/nachruf-auf-einen-talentierten-freund.htm\\\/#mainImage\",\"width\":1028,\"height\":636},\"primaryImageOfPage\":{\"@id\":\"https:\\\/\\\/www.zeitenspiegel.de\\\/en\\\/nachruf-auf-einen-talentierten-freund.htm#mainImage\"},\"datePublished\":\"2026-09-02T10:55:29+00:00\",\"dateModified\":\"2026-09-02T14:02:19+00:00\"},{\"@type\":\"WebSite\",\"@id\":\"https:\\\/\\\/www.zeitenspiegel.de\\\/en\\\/#website\",\"url\":\"https:\\\/\\\/www.zeitenspiegel.de\\\/en\\\/\",\"name\":\"Zeitenspiegel Reportagen\",\"alternateName\":\"Zeitenspiegel\",\"description\":\"Die Agentur f\\u00fcr Reportagen\",\"inLanguage\":\"en-US\",\"publisher\":{\"@id\":\"https:\\\/\\\/www.zeitenspiegel.de\\\/en\\\/#organization\"}}]}\n\t\t<\/script>\n\t\t<!-- All in One SEO -->\n\n","aioseo_head_json":{"title":"Nachruf auf einen talentierten Freund \u2192 Zeitenspiegel Reportagen","description":"Als ich Paul Lampe zum ersten Mal traf, sa\u00df er in der Fotoredaktion des Stern in einem eigenen, durch eine Glaswand abgeschirmten B\u00fcro, eine Art splendid isolation, die durch seine Erscheinung noch betont wurde: ein feingliedriger Typ mit markant gefurchtem Gesicht unter einer schwarzen M\u00e4hne, die ihm in elegantem Schwung auf die Schulter wallte.","canonical_url":"https:\/\/www.zeitenspiegel.de\/en\/nachruf-auf-einen-talentierten-freund.htm","robots":"max-image-preview:large","keywords":"","webmasterTools":{"miscellaneous":""},"schema":{"@context":"https:\/\/schema.org","@graph":[{"@type":"BlogPosting","@id":"https:\/\/www.zeitenspiegel.de\/en\/nachruf-auf-einen-talentierten-freund.htm#blogposting","name":"Nachruf auf einen talentierten Freund \u2192 Zeitenspiegel Reportagen","headline":"Nachruf auf einen talentierten Freund","author":{"@id":"https:\/\/www.zeitenspiegel.de\/en\/author\/rainer-kwiotek#author"},"publisher":{"@id":"https:\/\/www.zeitenspiegel.de\/en\/#organization"},"image":{"@type":"ImageObject","url":"https:\/\/www.zeitenspiegel.de\/wp-content\/uploads\/2026\/09\/Paul_neu.jpg","width":1028,"height":636},"datePublished":"2026-09-02T10:55:29+00:00","dateModified":"2026-09-02T14:02:19+00:00","inLanguage":"en-US","mainEntityOfPage":{"@id":"https:\/\/www.zeitenspiegel.de\/en\/nachruf-auf-einen-talentierten-freund.htm#webpage"},"isPartOf":{"@id":"https:\/\/www.zeitenspiegel.de\/en\/nachruf-auf-einen-talentierten-freund.htm#webpage"},"articleSection":"Aktuell"},{"@type":"BreadcrumbList","@id":"https:\/\/www.zeitenspiegel.de\/en\/nachruf-auf-einen-talentierten-freund.htm#breadcrumblist","itemListElement":[{"@type":"ListItem","@id":"https:\/\/www.zeitenspiegel.de\/en#listItem","position":1,"name":"Home","item":"https:\/\/www.zeitenspiegel.de\/en","nextItem":{"@type":"ListItem","@id":"https:\/\/www.zeitenspiegel.de\/en\/category\/aktuell#listItem","name":"Aktuell"}},{"@type":"ListItem","@id":"https:\/\/www.zeitenspiegel.de\/en\/category\/aktuell#listItem","position":2,"name":"Aktuell","item":"https:\/\/www.zeitenspiegel.de\/en\/category\/aktuell","nextItem":{"@type":"ListItem","@id":"https:\/\/www.zeitenspiegel.de\/en\/nachruf-auf-einen-talentierten-freund.htm#listItem","name":"Nachruf auf einen talentierten Freund"},"previousItem":{"@type":"ListItem","@id":"https:\/\/www.zeitenspiegel.de\/en#listItem","name":"Home"}},{"@type":"ListItem","@id":"https:\/\/www.zeitenspiegel.de\/en\/nachruf-auf-einen-talentierten-freund.htm#listItem","position":3,"name":"Nachruf auf einen talentierten Freund","previousItem":{"@type":"ListItem","@id":"https:\/\/www.zeitenspiegel.de\/en\/category\/aktuell#listItem","name":"Aktuell"}}]},{"@type":"Organization","@id":"https:\/\/www.zeitenspiegel.de\/en\/#organization","name":"Zeitenspiegel Reportagen","description":"Die Agentur f\u00fcr Reportagen","url":"https:\/\/www.zeitenspiegel.de\/en\/","logo":{"@type":"ImageObject","url":"https:\/\/www.zeitenspiegel.de\/wp-content\/uploads\/2025\/12\/zeitenspiegel-reportagen-logo.svg","@id":"https:\/\/www.zeitenspiegel.de\/en\/nachruf-auf-einen-talentierten-freund.htm\/#organizationLogo","width":516,"height":42,"caption":"Zeitenspiegel Reportagen Logo"},"image":{"@id":"https:\/\/www.zeitenspiegel.de\/en\/nachruf-auf-einen-talentierten-freund.htm\/#organizationLogo"},"sameAs":["https:\/\/www.facebook.com\/Zeitenspiegel\/","https:\/\/www.instagram.com\/zeitenspiegel\/"]},{"@type":"Person","@id":"https:\/\/www.zeitenspiegel.de\/en\/author\/rainer-kwiotek#author","url":"https:\/\/www.zeitenspiegel.de\/en\/author\/rainer-kwiotek","name":"Rainer Kwiotek"},{"@type":"WebPage","@id":"https:\/\/www.zeitenspiegel.de\/en\/nachruf-auf-einen-talentierten-freund.htm#webpage","url":"https:\/\/www.zeitenspiegel.de\/en\/nachruf-auf-einen-talentierten-freund.htm","name":"Nachruf auf einen talentierten Freund \u2192 Zeitenspiegel Reportagen","description":"Als ich Paul Lampe zum ersten Mal traf, sa\u00df er in der Fotoredaktion des Stern in einem eigenen, durch eine Glaswand abgeschirmten B\u00fcro, eine Art splendid isolation, die durch seine Erscheinung noch betont wurde: ein feingliedriger Typ mit markant gefurchtem Gesicht unter einer schwarzen M\u00e4hne, die ihm in elegantem Schwung auf die Schulter wallte.","inLanguage":"en-US","isPartOf":{"@id":"https:\/\/www.zeitenspiegel.de\/en\/#website"},"breadcrumb":{"@id":"https:\/\/www.zeitenspiegel.de\/en\/nachruf-auf-einen-talentierten-freund.htm#breadcrumblist"},"author":{"@id":"https:\/\/www.zeitenspiegel.de\/en\/author\/rainer-kwiotek#author"},"creator":{"@id":"https:\/\/www.zeitenspiegel.de\/en\/author\/rainer-kwiotek#author"},"image":{"@type":"ImageObject","url":"https:\/\/www.zeitenspiegel.de\/wp-content\/uploads\/2026\/09\/Paul_neu.jpg","@id":"https:\/\/www.zeitenspiegel.de\/en\/nachruf-auf-einen-talentierten-freund.htm\/#mainImage","width":1028,"height":636},"primaryImageOfPage":{"@id":"https:\/\/www.zeitenspiegel.de\/en\/nachruf-auf-einen-talentierten-freund.htm#mainImage"},"datePublished":"2026-09-02T10:55:29+00:00","dateModified":"2026-09-02T14:02:19+00:00"},{"@type":"WebSite","@id":"https:\/\/www.zeitenspiegel.de\/en\/#website","url":"https:\/\/www.zeitenspiegel.de\/en\/","name":"Zeitenspiegel Reportagen","alternateName":"Zeitenspiegel","description":"Die Agentur f\u00fcr Reportagen","inLanguage":"en-US","publisher":{"@id":"https:\/\/www.zeitenspiegel.de\/en\/#organization"}}]},"og:locale":"en_US","og:site_name":"Zeitenspiegel Reportagen \u2192 Die Agentur f\u00fcr Reportagen","og:type":"article","og:title":"Nachruf auf einen talentierten Freund \u2192 Zeitenspiegel Reportagen","og:description":"Als ich Paul Lampe zum ersten Mal traf, sa\u00df er in der Fotoredaktion des Stern in einem eigenen, durch eine Glaswand abgeschirmten B\u00fcro, eine Art splendid isolation, die durch seine Erscheinung noch betont wurde: ein feingliedriger Typ mit markant gefurchtem Gesicht unter einer schwarzen M\u00e4hne, die ihm in elegantem Schwung auf die Schulter wallte.","og:url":"https:\/\/www.zeitenspiegel.de\/en\/nachruf-auf-einen-talentierten-freund.htm","og:image":"https:\/\/www.zeitenspiegel.de\/wp-content\/uploads\/2025\/12\/zeitenspiegel-reportagen-logo.svg","og:image:secure_url":"https:\/\/www.zeitenspiegel.de\/wp-content\/uploads\/2025\/12\/zeitenspiegel-reportagen-logo.svg","og:image:width":517,"og:image:height":42,"article:published_time":"2026-09-02T10:55:29+00:00","article:modified_time":"2026-09-02T14:02:19+00:00","article:publisher":"https:\/\/www.facebook.com\/Zeitenspiegel\/","twitter:card":"summary_large_image","twitter:title":"Nachruf auf einen talentierten Freund \u2192 Zeitenspiegel Reportagen","twitter:description":"Als ich Paul Lampe zum ersten Mal traf, sa\u00df er in der Fotoredaktion des Stern in einem eigenen, durch eine Glaswand abgeschirmten B\u00fcro, eine Art splendid isolation, die durch seine Erscheinung noch betont wurde: ein feingliedriger Typ mit markant gefurchtem Gesicht unter einer schwarzen M\u00e4hne, die ihm in elegantem Schwung auf die Schulter wallte.","twitter:image":"https:\/\/www.zeitenspiegel.de\/wp-content\/uploads\/2025\/12\/zeitenspiegel-reportagen-logo.svg"},"aioseo_meta_data":{"post_id":"8797","title":null,"description":null,"keywords":null,"keyphrases":{"focus":{"keyphrase":"","score":0,"analysis":{"keyphraseInTitle":{"score":0,"maxScore":9,"error":1}}},"additional":[]},"primary_term":null,"canonical_url":null,"og_title":null,"og_description":null,"og_object_type":"default","og_image_type":"default","og_image_url":null,"og_image_width":null,"og_image_height":null,"og_image_custom_url":null,"og_image_custom_fields":null,"og_video":"","og_custom_url":null,"og_article_section":null,"og_article_tags":null,"twitter_use_og":false,"twitter_card":"default","twitter_image_type":"default","twitter_image_url":null,"twitter_image_custom_url":null,"twitter_image_custom_fields":null,"twitter_title":null,"twitter_description":null,"schema":{"blockGraphs":[],"customGraphs":[],"default":{"data":{"Article":[],"Course":[],"Dataset":[],"FAQPage":[],"Movie":[],"Person":[],"Product":[],"ProductReview":[],"Car":[],"Recipe":[],"Service":[],"SoftwareApplication":[],"WebPage":[]},"graphName":"BlogPosting","isEnabled":true},"graphs":[]},"schema_type":"default","schema_type_options":null,"pillar_content":false,"robots_default":true,"robots_noindex":false,"robots_noarchive":false,"robots_nosnippet":false,"robots_nofollow":false,"robots_noimageindex":false,"robots_noodp":false,"robots_notranslate":false,"robots_max_snippet":"-1","robots_max_videopreview":"-1","robots_max_imagepreview":"large","priority":null,"frequency":"default","local_seo":null,"breadcrumb_settings":null,"limit_modified_date":false,"ai":{"faqs":[],"keyPoints":[],"schemas":[],"titles":[],"descriptions":[],"socialPosts":{"email":{"subject":"","preview":"","content":""},"linkedin":[],"twitter":[],"facebook":[],"instagram":[]}},"created":"2026-09-02 10:47:59","updated":"2026-09-02 20:09:19","seo_analyzer_scan_date":null,"focus_keyword":null,"additional_keywords":null,"truseo_locale":null},"aioseo_breadcrumb":"<div class=\"aioseo-breadcrumbs\"><span class=\"aioseo-breadcrumb\">\n\t\t\t<a href=\"https:\/\/www.zeitenspiegel.de\/en\" title=\"Home\">Home<\/a>\n\t\t<\/span><span class=\"aioseo-breadcrumb-separator\">&raquo;<\/span><span class=\"aioseo-breadcrumb\">\n\t\t\t<a href=\"https:\/\/www.zeitenspiegel.de\/en\/category\/aktuell\" title=\"Aktuell\">Aktuell<\/a>\n\t\t<\/span><span class=\"aioseo-breadcrumb-separator\">&raquo;<\/span><span class=\"aioseo-breadcrumb\">\n\t\t\tNachruf auf einen talentierten Freund\n\t\t<\/span><\/div>","aioseo_breadcrumb_json":[{"label":"Home","link":"https:\/\/www.zeitenspiegel.de\/en"},{"label":"Aktuell","link":"https:\/\/www.zeitenspiegel.de\/en\/category\/aktuell"},{"label":"Nachruf auf einen talentierten Freund","link":"https:\/\/www.zeitenspiegel.de\/en\/nachruf-auf-einen-talentierten-freund.htm"}],"_links":{"self":[{"href":"https:\/\/www.zeitenspiegel.de\/en\/wp-json\/wp\/v2\/posts\/8797","targetHints":{"allow":["GET"]}}],"collection":[{"href":"https:\/\/www.zeitenspiegel.de\/en\/wp-json\/wp\/v2\/posts"}],"about":[{"href":"https:\/\/www.zeitenspiegel.de\/en\/wp-json\/wp\/v2\/types\/post"}],"author":[{"embeddable":true,"href":"https:\/\/www.zeitenspiegel.de\/en\/wp-json\/wp\/v2\/users\/2"}],"replies":[{"embeddable":true,"href":"https:\/\/www.zeitenspiegel.de\/en\/wp-json\/wp\/v2\/comments?post=8797"}],"version-history":[{"count":5,"href":"https:\/\/www.zeitenspiegel.de\/en\/wp-json\/wp\/v2\/posts\/8797\/revisions"}],"predecessor-version":[{"id":8806,"href":"https:\/\/www.zeitenspiegel.de\/en\/wp-json\/wp\/v2\/posts\/8797\/revisions\/8806"}],"wp:featuredmedia":[{"embeddable":true,"href":"https:\/\/www.zeitenspiegel.de\/en\/wp-json\/wp\/v2\/media\/8798"}],"wp:attachment":[{"href":"https:\/\/www.zeitenspiegel.de\/en\/wp-json\/wp\/v2\/media?parent=8797"}],"wp:term":[{"taxonomy":"category","embeddable":true,"href":"https:\/\/www.zeitenspiegel.de\/en\/wp-json\/wp\/v2\/categories?post=8797"},{"taxonomy":"post_tag","embeddable":true,"href":"https:\/\/www.zeitenspiegel.de\/en\/wp-json\/wp\/v2\/tags?post=8797"}],"curies":[{"name":"wp","href":"https:\/\/api.w.org\/{rel}","templated":true}]}}