{"id":893,"date":"2019-10-14T09:56:00","date_gmt":"2019-10-14T09:56:00","guid":{"rendered":"http:\/\/relaunch2025.zeitenspiegel.de\/aktuelles\/freiheit-in-vollen-zuegen-fotoausstellung\/"},"modified":"2025-12-19T17:15:06","modified_gmt":"2025-12-19T17:15:06","slug":"freiheit-in-vollen-zuegen-fotoausstellung","status":"publish","type":"post","link":"https:\/\/www.zeitenspiegel.de\/en\/aktuell\/freiheit-in-vollen-zuegen-fotoausstellung\/","title":{"rendered":"Freiheit in vollen Z\u00fcgen &#8211; Fotoausstellung"},"content":{"rendered":"<p>In der Galerie der Stadt Fellbach wird am 7. November die Ausstellung zu 30 Jahren Mauerfall von Fotograf Christoph P\u00fcschner er\u00f6ffnet.\u00a0<\/p>\n\n\n\n<p>Im Sommer 1989 war es Christoph P\u00fcschner als Westfotograf m\u00f6glich, die aufregenden, verzweifelnden, \u00fcberschw\u00e4nglichen, aber auch stillen Momente eines anderen Deutschlands und seiner Menschen bis zum Fall der Mauer mitzuerleben. So entstanden Fotos angefangen von der einsetzenden Massenflucht im August 1989 nach Budapest bis hin zur Wiedervereinigungsfeier am 3. Oktober 1990.<br>Den 56 gro\u00dfformatigen Fotos sind verschiedene Artikel der Stuttgarter Zeitung aus dieser Zeit zugeordnet.<br>W\u00e4hrend der Ausstellung vom 7. November bis 29. Dezember 2019 findet ein Begleitprogramm mit Lesungen der Schriftsteller Julia Schoch, Torsten Schulz und Elke Bitterhof statt.<\/p>\n\n\n\n<p>Ausstellung \u201cFreiheit in vollen Z\u00fcgen\u201d, vom 7. 11. bis 29. 12. 2019 in der Galerie der Stadt Fellbach, Marktplatz 4, 70734 Fellbach.<\/p>\n\n\n\n<p>Er\u00f6ffnung: Donnerstag, 7. November 2019, um 19 Uhr<\/p>\n\n\n\n<p>Begr\u00fc\u00dfung: Dr. Heribert Sautter, Leiter der Galerie der Stadt Fellbach<\/p>\n\n\n\n<p>Im Gespr\u00e4ch: Christoph P\u00fcschner mit Frank Brunner (beide: Agentur Zeitenspiegel Reportagen)<\/p>\n\n\n\n<p>Am Samstag, den 9. November 2019 &#8211; dem Tag des Mauerfalls vor 30 Jahren -, f\u00fchrt Christoph P\u00fcschner um 16 Uhr durch die Ausstellung und erz\u00e4hlt die Geschichten hinter den Fotos.<\/p>\n\n\n\n<figure class=\"wp-block-image\"><img decoding=\"async\" src=\"https:\/\/www.zeitenspiegel.de\/wp-content\/uploads\/2025\/05\/cp_einladungskarte.jpg\" alt=\"Collage Stuttgarter Zeitung\"\/><\/figure>\n\n\n\n<p><\/p>\n\n\n\n<p>&nbsp;<\/p>\n\n\n\n<p>&nbsp;<\/p>","protected":false},"excerpt":{"rendered":"<p>In der Galerie der Stadt Fellbach wird am 7. November die Ausstellung zu 30 Jahren Mauerfall von Fotograf Christoph P\u00fcschner er\u00f6ffnet.<\/p><\/p>","protected":false},"author":2,"featured_media":894,"comment_status":"closed","ping_status":"closed","sticky":false,"template":"","format":"standard","meta":{"_FSMCFIC_featured_image_caption":"","_FSMCFIC_featured_image_nocaption":"","_FSMCFIC_featured_image_hide":"","footnotes":""},"categories":[1],"tags":[],"class_list":["post-893","post","type-post","status-publish","format-standard","has-post-thumbnail","hentry","category-aktuell"],"aioseo_notices":[],"_links":{"self":[{"href":"https:\/\/www.zeitenspiegel.de\/en\/wp-json\/wp\/v2\/posts\/893","targetHints":{"allow":["GET"]}}],"collection":[{"href":"https:\/\/www.zeitenspiegel.de\/en\/wp-json\/wp\/v2\/posts"}],"about":[{"href":"https:\/\/www.zeitenspiegel.de\/en\/wp-json\/wp\/v2\/types\/post"}],"author":[{"embeddable":true,"href":"https:\/\/www.zeitenspiegel.de\/en\/wp-json\/wp\/v2\/users\/2"}],"replies":[{"embeddable":true,"href":"https:\/\/www.zeitenspiegel.de\/en\/wp-json\/wp\/v2\/comments?post=893"}],"version-history":[{"count":4,"href":"https:\/\/www.zeitenspiegel.de\/en\/wp-json\/wp\/v2\/posts\/893\/revisions"}],"predecessor-version":[{"id":7937,"href":"https:\/\/www.zeitenspiegel.de\/en\/wp-json\/wp\/v2\/posts\/893\/revisions\/7937"}],"wp:featuredmedia":[{"embeddable":true,"href":"https:\/\/www.zeitenspiegel.de\/en\/wp-json\/wp\/v2\/media\/894"}],"wp:attachment":[{"href":"https:\/\/www.zeitenspiegel.de\/en\/wp-json\/wp\/v2\/media?parent=893"}],"wp:term":[{"taxonomy":"category","embeddable":true,"href":"https:\/\/www.zeitenspiegel.de\/en\/wp-json\/wp\/v2\/categories?post=893"},{"taxonomy":"post_tag","embeddable":true,"href":"https:\/\/www.zeitenspiegel.de\/en\/wp-json\/wp\/v2\/tags?post=893"}],"curies":[{"name":"wp","href":"https:\/\/api.w.org\/{rel}","templated":true}]}}