{"id":900,"date":"2019-07-18T09:22:00","date_gmt":"2019-07-18T09:22:00","guid":{"rendered":"http:\/\/relaunch2025.zeitenspiegel.de\/aktuelles\/faszination-aethiopien-fotoausstellung\/"},"modified":"2025-12-19T17:15:41","modified_gmt":"2025-12-19T17:15:41","slug":"faszination-aethiopien-fotoausstellung","status":"publish","type":"post","link":"https:\/\/www.zeitenspiegel.de\/en\/aktuell\/faszination-aethiopien-fotoausstellung\/","title":{"rendered":"Faszination \u00c4thiopien &#8211; Fotoausstellung"},"content":{"rendered":"<p>In R\u00e4umen der Michael Horbach Stiftung wurde die Fotoausstellung der Stiftung Menschen f\u00fcr Menschen er\u00f6ffnet.\u00a0<\/p>\n\n\n\n<p>Seit \u00fcber 15 Jahren dokumentiert Zeitenspiegel Fotograf Rainer Kwiotek die Arbeit der Stiftung Menschen f\u00fcr Menschen in \u00c4thiopien. Im Zentrum steht dabei der respektvolle Einblick in die schwierigen Lebenssituationen der Bev\u00f6lkerung vor Ort. Viele Besucher erfuhren von Rainer Kwiotek und Menschen f\u00fcr Menschen Vorstand Sebastian Brandis am Sonntag aus erster Hand bei der Vernissage in den Kunstr\u00e4umen der Michael Horbach Stiftung etwas \u00fcber die aktuellen Entwicklungen im Land. F\u00fcr musikalische Einstimmung sorgten WDR Sinfonieorchester Fl\u00f6tist Michael Faust und Sebastian Brandis am Klavier. Die Ausstellung kann bis zum 20.08.2019 besucht werden.<\/p>\n\n\n\n<p>&nbsp;<\/p>\n\n\n\n<p>&nbsp;<\/p>","protected":false},"excerpt":{"rendered":"<p>In R\u00e4umen der Michael Horbach Stiftung wurde die Fotoausstellung der Stiftung Menschen f\u00fcr Menschen er\u00f6ffnet.<\/p><\/p>","protected":false},"author":2,"featured_media":901,"comment_status":"closed","ping_status":"closed","sticky":false,"template":"","format":"standard","meta":{"_FSMCFIC_featured_image_caption":"","_FSMCFIC_featured_image_nocaption":"","_FSMCFIC_featured_image_hide":"","footnotes":""},"categories":[1],"tags":[],"class_list":["post-900","post","type-post","status-publish","format-standard","has-post-thumbnail","hentry","category-aktuell"],"aioseo_notices":[],"_links":{"self":[{"href":"https:\/\/www.zeitenspiegel.de\/en\/wp-json\/wp\/v2\/posts\/900","targetHints":{"allow":["GET"]}}],"collection":[{"href":"https:\/\/www.zeitenspiegel.de\/en\/wp-json\/wp\/v2\/posts"}],"about":[{"href":"https:\/\/www.zeitenspiegel.de\/en\/wp-json\/wp\/v2\/types\/post"}],"author":[{"embeddable":true,"href":"https:\/\/www.zeitenspiegel.de\/en\/wp-json\/wp\/v2\/users\/2"}],"replies":[{"embeddable":true,"href":"https:\/\/www.zeitenspiegel.de\/en\/wp-json\/wp\/v2\/comments?post=900"}],"version-history":[{"count":3,"href":"https:\/\/www.zeitenspiegel.de\/en\/wp-json\/wp\/v2\/posts\/900\/revisions"}],"predecessor-version":[{"id":7939,"href":"https:\/\/www.zeitenspiegel.de\/en\/wp-json\/wp\/v2\/posts\/900\/revisions\/7939"}],"wp:featuredmedia":[{"embeddable":true,"href":"https:\/\/www.zeitenspiegel.de\/en\/wp-json\/wp\/v2\/media\/901"}],"wp:attachment":[{"href":"https:\/\/www.zeitenspiegel.de\/en\/wp-json\/wp\/v2\/media?parent=900"}],"wp:term":[{"taxonomy":"category","embeddable":true,"href":"https:\/\/www.zeitenspiegel.de\/en\/wp-json\/wp\/v2\/categories?post=900"},{"taxonomy":"post_tag","embeddable":true,"href":"https:\/\/www.zeitenspiegel.de\/en\/wp-json\/wp\/v2\/tags?post=900"}],"curies":[{"name":"wp","href":"https:\/\/api.w.org\/{rel}","templated":true}]}}