{"id":914,"date":"2019-05-06T12:23:00","date_gmt":"2019-05-06T12:23:00","guid":{"rendered":"http:\/\/relaunch2025.zeitenspiegel.de\/aktuelles\/wie-nah-an-einem-afd-politiker-ist-zu-nah\/"},"modified":"2025-12-19T17:17:24","modified_gmt":"2025-12-19T17:17:24","slug":"wie-nah-an-einem-afd-politiker-ist-zu-nah","status":"publish","type":"post","link":"https:\/\/www.zeitenspiegel.de\/en\/aktuell\/wie-nah-an-einem-afd-politiker-ist-zu-nah\/","title":{"rendered":"Wie nah an einem AfD-Politiker ist zu nah?"},"content":{"rendered":"<p>Das Portr\u00e4t des AfD-Rechtsau\u00dfen Markus Frohnmaier von Zeitenspiegel-Autor Raphael Thelen setzte eine Grundsatzdiskussion \u00fcber den richtigen journalistischen Umgang mit den Feinden der Demokratie in Gang.<\/p>\n\n\n\n<p>Unser Autor Raphael Thelen traf auf der Wahlparty der AfD im September 2017 Markus Frohnmaier, der als j\u00fcngstes Fraktionsmitglied in den Bundestag einzog. Die n\u00e4chsten anderthalb Jahre beobachtete Thelen ihn bei seiner politischen Arbeit, traf ihn rund zwanzig Mal in Berlin, in seinem Wahlkreis, bei \u00f6ffentlichen Auftritten, analysierte seine Methoden, ver\u00f6ffentlichte den Text als gro\u00dfes Portrait im <em><a href=\"https:\/\/sz-magazin.sueddeutsche.de\/politik\/markus-frohnmaier-afd-scharfmacher-portraet-87053\" target=\"_blank\" rel=\"noreferrer noopener\">S\u00fcddeutsche Zeitung Magazine<\/a><\/em>.<\/p>\n\n\n\n<p>Und er setzte eine Twitter-Meldung dazu ab &#8211; die zum Startschuss f\u00fcr eine heftige Diskussion \u00fcber unangemessene N\u00e4he zu uns\u00e4glichen Politikern wurde. Von Jan B\u00f6hmermann bis zur <em><a href=\"https:\/\/www.faz.net\/aktuell\/feuilleton\/debatten\/das-sz-magazin-laesst-sich-von-afd-mann-frohnmaier-benutzen-16127642.html\" target=\"_blank\" rel=\"noreferrer noopener\">Frankfurter Allgemeine Sonntagszeitung<\/a><\/em> reichte die Reihe der Kritiker, die <em>Titanic<\/em> widmete Thelen einen ganzen Artikel. Thelen bezog im Interview mit dem Branchenmagazin <em>\u00dcbermedien<\/em> dazu Stellung mit den Worten: \u201cWie sollen wir uns in einer Demokratie diese Leute vom Leib halten, wenn wir sie nicht verstehen?\u201d Das komplette Interview k\u00f6nnen Sie <a href=\"https:\/\/uebermedien.de\/37080\/wie-sollen-wir-uns-diese-leute-vom-leib-halten-wenn-wir-sie-nicht-verstehen\/\">here<\/a> nachlesen.<\/p>\n\n\n\n<p>&nbsp;<\/p>\n\n\n\n<p>&nbsp;<\/p>","protected":false},"excerpt":{"rendered":"<p>Das Portr\u00e4t des AfD-Rechtsau\u00dfen Markus Frohnmaier von Zeitenspiegel-Autor Raphael Thelen setzte eine Grundsatzdiskussion \u00fcber den richtigen journalistischen Umgang mit den Feinden der Demokratie in Gang.<\/p>","protected":false},"author":2,"featured_media":915,"comment_status":"closed","ping_status":"closed","sticky":false,"template":"","format":"standard","meta":{"_FSMCFIC_featured_image_caption":"","_FSMCFIC_featured_image_nocaption":"","_FSMCFIC_featured_image_hide":"","footnotes":""},"categories":[1],"tags":[],"class_list":["post-914","post","type-post","status-publish","format-standard","has-post-thumbnail","hentry","category-aktuell"],"aioseo_notices":[],"_links":{"self":[{"href":"https:\/\/www.zeitenspiegel.de\/en\/wp-json\/wp\/v2\/posts\/914","targetHints":{"allow":["GET"]}}],"collection":[{"href":"https:\/\/www.zeitenspiegel.de\/en\/wp-json\/wp\/v2\/posts"}],"about":[{"href":"https:\/\/www.zeitenspiegel.de\/en\/wp-json\/wp\/v2\/types\/post"}],"author":[{"embeddable":true,"href":"https:\/\/www.zeitenspiegel.de\/en\/wp-json\/wp\/v2\/users\/2"}],"replies":[{"embeddable":true,"href":"https:\/\/www.zeitenspiegel.de\/en\/wp-json\/wp\/v2\/comments?post=914"}],"version-history":[{"count":3,"href":"https:\/\/www.zeitenspiegel.de\/en\/wp-json\/wp\/v2\/posts\/914\/revisions"}],"predecessor-version":[{"id":7943,"href":"https:\/\/www.zeitenspiegel.de\/en\/wp-json\/wp\/v2\/posts\/914\/revisions\/7943"}],"wp:featuredmedia":[{"embeddable":true,"href":"https:\/\/www.zeitenspiegel.de\/en\/wp-json\/wp\/v2\/media\/915"}],"wp:attachment":[{"href":"https:\/\/www.zeitenspiegel.de\/en\/wp-json\/wp\/v2\/media?parent=914"}],"wp:term":[{"taxonomy":"category","embeddable":true,"href":"https:\/\/www.zeitenspiegel.de\/en\/wp-json\/wp\/v2\/categories?post=914"},{"taxonomy":"post_tag","embeddable":true,"href":"https:\/\/www.zeitenspiegel.de\/en\/wp-json\/wp\/v2\/tags?post=914"}],"curies":[{"name":"wp","href":"https:\/\/api.w.org\/{rel}","templated":true}]}}