{"id":920,"date":"2019-05-05T10:00:00","date_gmt":"2019-05-05T10:00:00","guid":{"rendered":"http:\/\/relaunch2025.zeitenspiegel.de\/aktuelles\/fotoworkshops-in-kasachstan\/"},"modified":"2025-12-19T17:18:00","modified_gmt":"2025-12-19T17:18:00","slug":"fotoworkshops-in-kasachstan","status":"publish","type":"post","link":"https:\/\/www.zeitenspiegel.de\/en\/aktuell\/fotoworkshops-in-kasachstan\/","title":{"rendered":"Fotoworkshops in Kasachstan"},"content":{"rendered":"<p><strong>Zeitenspiegel-Fotograf \u00c9ric Vazzoler unterrichtet im April und Mai in Shymkent und Temirtau.<\/strong><\/p>\n\n\n\n<p>Von April bis Mitte Mai 2019 leitet Zeitenspiegel-Fotograf \u00c9ric Vazzoler zwei Foto-Workshops f\u00fcr Kinder mit Zerebralparese (einer spastischen St\u00f6rung des Nerven- und Muskelsystems) in Shymkent im S\u00fcden Kasachstans und in Temirtau, 180 km s\u00fcd\u00f6stlich der kasachischen Hauptstadt Nursultan.<\/p>\n\n\n\n<p>Die Kinder zeigen auf ihren Bildern die Welt aus ihrer Perspektive, sie bilden ihr allt\u00e4gliches Leben ab, portr\u00e4tieren ihre pers\u00f6nlichen Helden: Verwandte und Freunde, P\u00e4dagogen, Feuerwehrm\u00e4nner. Am Ende der Workshops pr\u00e4sentieren sie in Nursultan ihre Arbeiten in einer Ausstellung. Die Er\u00f6ffnung ist am 23. Mai 2019.<\/p>\n\n\n\n<p>In den Vorjahren hat Vazzoler in Kasachstan unter anderem mit Sehbehinderten gearbeitet sowie mit Kindern, die das Down-Syndrom haben. Seit fast 25 Jahren betreut Vazzoler internationale Foto-Workshops mit Kindern und Jugendlichen in franz\u00f6sischen Banlieues, in Gef\u00e4ngnissen und in Krisengebieten. \u201eDie permanente Anpassung an unterschiedliche Zielgruppen ist f\u00fcr mich eine Form der Kreativit\u00e4t, in der ich mich selbst verwirkliche\u201c, sagt Vazzoler.<\/p>\n\n\n\n<p>Impressionen aus den Workshops gibt es <a href=\"http:\/\/arguments.photo\/\">here<\/a> zu sehen.<\/p>\n\n\n\n<p>&nbsp;<\/p>\n\n\n\n<p>&nbsp;<\/p>","protected":false},"excerpt":{"rendered":"<p>Zeitenspiegel-Fotograf \u00c9ric Vazzoler unterrichtet im April und Mai in Shymkent und Temirtau.<\/p>","protected":false},"author":2,"featured_media":921,"comment_status":"closed","ping_status":"closed","sticky":false,"template":"","format":"standard","meta":{"_FSMCFIC_featured_image_caption":"","_FSMCFIC_featured_image_nocaption":"","_FSMCFIC_featured_image_hide":"","footnotes":""},"categories":[1],"tags":[],"class_list":["post-920","post","type-post","status-publish","format-standard","has-post-thumbnail","hentry","category-aktuell"],"aioseo_notices":[],"_links":{"self":[{"href":"https:\/\/www.zeitenspiegel.de\/en\/wp-json\/wp\/v2\/posts\/920","targetHints":{"allow":["GET"]}}],"collection":[{"href":"https:\/\/www.zeitenspiegel.de\/en\/wp-json\/wp\/v2\/posts"}],"about":[{"href":"https:\/\/www.zeitenspiegel.de\/en\/wp-json\/wp\/v2\/types\/post"}],"author":[{"embeddable":true,"href":"https:\/\/www.zeitenspiegel.de\/en\/wp-json\/wp\/v2\/users\/2"}],"replies":[{"embeddable":true,"href":"https:\/\/www.zeitenspiegel.de\/en\/wp-json\/wp\/v2\/comments?post=920"}],"version-history":[{"count":2,"href":"https:\/\/www.zeitenspiegel.de\/en\/wp-json\/wp\/v2\/posts\/920\/revisions"}],"predecessor-version":[{"id":7945,"href":"https:\/\/www.zeitenspiegel.de\/en\/wp-json\/wp\/v2\/posts\/920\/revisions\/7945"}],"wp:featuredmedia":[{"embeddable":true,"href":"https:\/\/www.zeitenspiegel.de\/en\/wp-json\/wp\/v2\/media\/921"}],"wp:attachment":[{"href":"https:\/\/www.zeitenspiegel.de\/en\/wp-json\/wp\/v2\/media?parent=920"}],"wp:term":[{"taxonomy":"category","embeddable":true,"href":"https:\/\/www.zeitenspiegel.de\/en\/wp-json\/wp\/v2\/categories?post=920"},{"taxonomy":"post_tag","embeddable":true,"href":"https:\/\/www.zeitenspiegel.de\/en\/wp-json\/wp\/v2\/tags?post=920"}],"curies":[{"name":"wp","href":"https:\/\/api.w.org\/{rel}","templated":true}]}}