{"id":924,"date":"2019-03-12T10:42:00","date_gmt":"2019-03-12T10:42:00","guid":{"rendered":"http:\/\/relaunch2025.zeitenspiegel.de\/aktuelles\/hansel-mieth-preis-digital-fuer-spiegel-beitrag\/"},"modified":"2019-03-12T10:42:00","modified_gmt":"2019-03-12T10:42:00","slug":"hansel-mieth-preis-digital-fuer-spiegel-beitrag","status":"publish","type":"post","link":"https:\/\/www.zeitenspiegel.de\/en\/aktuell\/hansel-mieth-preis-digital-fuer-spiegel-beitrag\/","title":{"rendered":"Hansel-Mieth-Preis digital f\u00fcr Spiegel-Beitrag"},"content":{"rendered":"<p>Den Hansel-Mieth-Preis digital 2019 gewinnen der Reporter Marius M\u00fcnstermann und der Fotograf Christian Werner. Ihre multimediale Reportage \u201eJagd auf die Holz-Mafia\u201c ist im November 2018 in der <em>Spiegel<\/em>-Digitalausgabe und auf <em>Spiegel online<\/em> appeared.<\/p>\n<p><body mode=\"normal\" word-count=\"250\"><\/p>\n<p>The <a href=\"http:\/\/www.spiegel.de\/wirtschaft\/kambodscha-banden-pluendern-den-regenwald-bald-mit-guetesiegel-der-eu-a-1236189.html\">Reportage<\/a> erz\u00e4hlt, wie Kriminelle, Gener\u00e4le und Politiker die Urw\u00e4lder Kambodschas zerst\u00f6ren, um sich am Verkauf von Edelh\u00f6lzern zu bereichern. Die Holzf\u00e4ller pl\u00fcndern sogar Gebiete, deren Schutz die EU mit Millionen Euro f\u00f6rdert. Die Reporter hatten eine Mafia erwartet, die bei Nacht und Nebel in die W\u00e4lder schleicht. Doch der Raubbau am Regenwald ist in Kambodscha ein offenes Geheimnis. Das dokumentiert das Team auf eindringliche Weise.<\/p>\n<p>Dar\u00fcber hinaus erw\u00e4hnte die Jury zwei Multimedia-Produktionen lobend:<\/p>\n<p>Die Autoren Roman H\u00f6fner, Alexander Epp und Roman Lehberger berichteten unter dem Titel <a href=\"http:\/\/www.spiegel.de\/politik\/ausland\/neonazi-zelle-atomwaffen-division-das-hass-netzwerk-a-1225341.html\">\u201eDas Hass-Netzwerk\u201c<\/a> f\u00fcr den <em>Spiegel<\/em> \u00fcber eine Gruppe von militanten Rechtsextremen in den USA.<\/p>\n<p>Die Fotografin Manuela Braunm\u00fcller zeigt in ihrer Arbeit <a href=\"http:\/\/www.kuhmilch.org\">\u201eKuhmilch\u201c<\/a> die industrialisierte Produktion des Lebensmittels.<\/p>\n<p>Des weiteren waren nominiert:<\/p>\n<p>\u2022   \u201eDas dunkle System\u201c (Spiegel online) von Stefan Schultz und Jannika Schultz<\/p>\n<p>\u2022   \u201eNeos Kosmos\u201c (neokosmos.eu) von Lukas Schepers, Kolja Warnecke und Philipp Meuser<\/p>\n<p>\u2022   \u201eWem geh\u00f6rt der Fu\u00dfball\u201c (FCPoppeBlog) von Thorsten Poppe<\/p>\n<p>\u2022   \u201eJosefa und ihre Heimat?\u201c (stories.mittelbayrische.de) von Angelika Saurer und Sabine Franzl<\/p>\n<p>\u2022   \u201eRadmesser\u201c (Der Tagesspiegel) von Michael Gegg und Hendrik Lehmann<\/p>\n<p>\u2022   \u201eAurelias letzte 26 Tage\u201c (vimeo.com\/311315854) von Sandra Hoyn<\/p>\n<p>\u2022   \u201eMiniwelt im Hobbykeller\u201c (ernaschubalski.pageflow.io\/sammler#172268) von Dunja Smaoui und Alexander Alber<\/p>\n<p>F\u00fcr den Hansel-Mieth-Preis digital, der 2019 zum f\u00fcnften Mal verliehen wird, wurden 39 Bewerbungen eingereicht. Er ist mit 6000 Euro dotiert.<\/p>\n<p>Die Jury: Raphael Thelen, Zeitenspiegel Reportagen (Vorsitzender der Jury); Christoph Borgans, freier Reporter; Gesa Gottschalk, <em>Geo<\/em>; Anton Hunger, Publizist; Hannes Opel, <em>Stuttgarter Zeitung<\/em>; Bernhard Riedmann, <em>The Mirror<\/em>; Dominik Stawski, <em>Stern<\/em>; Michael Schmieder, Gr\u00fcnder des Schweizer Demenz-Wohnheims Sonnweid; Isabel Stettin, Zeitenspiegel Reportagen.<\/p>\n<p><\/body><\/p>\n<p>&nbsp;<\/p>","protected":false},"excerpt":{"rendered":"<p>Den Hansel-Mieth-Preis digital 2019 gewinnen der Reporter Marius M\u00fcnstermann und der Fotograf Christian Werner. Ihre multimediale Reportage \u201eJagd auf die Holz-Mafia\u201c ist im November 2018 in der <em>Spiegel<\/em>-Digitalausgabe und auf <em>Spiegel online<\/em> appeared.<\/p>","protected":false},"author":2,"featured_media":0,"comment_status":"closed","ping_status":"closed","sticky":false,"template":"","format":"standard","meta":{"_FSMCFIC_featured_image_caption":"","_FSMCFIC_featured_image_nocaption":"","_FSMCFIC_featured_image_hide":"","footnotes":""},"categories":[1],"tags":[],"class_list":["post-924","post","type-post","status-publish","format-standard","hentry","category-aktuell"],"aioseo_notices":[],"_links":{"self":[{"href":"https:\/\/www.zeitenspiegel.de\/en\/wp-json\/wp\/v2\/posts\/924","targetHints":{"allow":["GET"]}}],"collection":[{"href":"https:\/\/www.zeitenspiegel.de\/en\/wp-json\/wp\/v2\/posts"}],"about":[{"href":"https:\/\/www.zeitenspiegel.de\/en\/wp-json\/wp\/v2\/types\/post"}],"author":[{"embeddable":true,"href":"https:\/\/www.zeitenspiegel.de\/en\/wp-json\/wp\/v2\/users\/2"}],"replies":[{"embeddable":true,"href":"https:\/\/www.zeitenspiegel.de\/en\/wp-json\/wp\/v2\/comments?post=924"}],"version-history":[{"count":0,"href":"https:\/\/www.zeitenspiegel.de\/en\/wp-json\/wp\/v2\/posts\/924\/revisions"}],"wp:attachment":[{"href":"https:\/\/www.zeitenspiegel.de\/en\/wp-json\/wp\/v2\/media?parent=924"}],"wp:term":[{"taxonomy":"category","embeddable":true,"href":"https:\/\/www.zeitenspiegel.de\/en\/wp-json\/wp\/v2\/categories?post=924"},{"taxonomy":"post_tag","embeddable":true,"href":"https:\/\/www.zeitenspiegel.de\/en\/wp-json\/wp\/v2\/tags?post=924"}],"curies":[{"name":"wp","href":"https:\/\/api.w.org\/{rel}","templated":true}]}}