{"id":928,"date":"2019-03-04T15:17:00","date_gmt":"2019-03-04T15:17:00","guid":{"rendered":"http:\/\/relaunch2025.zeitenspiegel.de\/aktuelles\/wingert-gedichtband-in-neuauflage\/"},"modified":"2019-03-04T15:17:00","modified_gmt":"2019-03-04T15:17:00","slug":"wingert-gedichtband-in-neuauflage","status":"publish","type":"post","link":"https:\/\/www.zeitenspiegel.de\/en\/aktuell\/wingert-gedichtband-in-neuauflage\/","title":{"rendered":"Wingert-Gedichtband in Neuauflage"},"content":{"rendered":"<p>\u201eDie klassische Reportage, K\u00f6nigsklasse des Journalismus, ist nicht vom Aussterben bedroht, so lange es Reporter wie Wingert gibt.\u201c Schreibt Emanuel Eckardt, der ehemalige Redakteur bei Geo und Merian und Egon-Erwin-Kisch-Preistr\u00e4ger im Nachwort zum neu aufgelegten Band \u201eDachzeilen\u201c von Zeitenspiegel-Autor Erdmann Wingert.<\/p>\n<p><body mode=\"normal\" word-count=\"237\"><\/p>\n<p>\u201eIn meinen Jahren als Redakteur (\u2026) habe ich es als Privileg empfunden, mit Texten von Autoren zu arbeiten, die ich respektierte und bewunderte. Vor allem mit denen von Wingert. Die Vorfreude auf seine Reportagen war gro\u00df, und er verstand es, sie zu steigern, indem er sie f\u00fcr sich behielt, Termine verstreichen lie\u00df, sich N\u00e4chte lang qu\u00e4lte, um zu verfeinern, zu straffen, zu vervollkommnen.\u201c<\/p>\n<p>Im Fall seines lyrischen Werkes, bei der Wahl der Worte, beim Zimmern der Zeilen, lie\u00df Erdmann Wingert mindestens dieselbe Besessenheit walten. Kein Wunder also, dass nach 82 Lebensjahren gerade einmal ein Gedichtb\u00e4ndlein steht.<\/p>\n<p>F\u00fcr dieses aber gilt umso mehr, was Eckardt schon Erdmann Wingerts Reportagen attestiert: \u201eIn seinen Geschichten ist Musik.\u201c Manchmal berauschende Musik, manchmal beschwipste wie in \u201eDichterlos\u201c, einem der drei Dutzend neuen Gedichte, einem, das durch einen alkohol(un)seligen Abend torkelt.<\/p>\n<p>Auch den Stern, f\u00fcr den er rekordverd\u00e4chtige vier Mal als Redakteur t\u00e4tig war, hat Wingert mit einem Gedicht bedacht.<\/p>\n<p>O F\u00fcllhorn!<br \/>\nO Wundert\u00fcte!<br \/>\nDu M\u00fcllsack<\/p>\n<p>Aufmacher ausgeheckt<br \/>\nzwischen \u00c4rschen und Titten<br \/>\nAllianz und Sanella<br \/>\nHoroskop und Horror<br \/>\nverwegene Schnitzeljagd<br \/>\nauf Lustmord und Terror<br \/>\nals Augenzeuge<br \/>\nbeharrlich am Schl\u00fcsselloch.<\/p>\n<p>Der Gedichtband \u201eDachzeilen \u2013 achtzigeinhalb Gedichte aus dem vorl\u00e4ufigen Nachlass\u201c (136 Seiten, 15 Euro inkl. Versandkosten) ist erh\u00e4ltlich bei Zeitenspiegel Reportagen:<\/p>\n<p>agentur@zeitenspiegel.de<br \/>\n07151 96 46 0<\/p>\n<hr\/>\n<blockquote>\n<p><em>\u201eErdmann Wingert \u2013 journalistisches<br \/>\n  Urgestein \u2026 Nach dem Lesen seiner<br \/>\n  Gedichte liegt der Schluss nahe, dass<br \/>\n  der Mann seinen Beruf verfehlt hat.<br \/>\n  Wir wollen ihn nie mehr Journalisten<br \/>\n  nennen, sondern mit Fug und Rechte als<br \/>\n  Dichter preisen.\u201c<\/em><\/p>\n<p>Vincent Klink<\/p>\n<\/blockquote>\n<hr\/>\n<p><\/body><\/p>\n<p>&nbsp;<\/p>","protected":false},"excerpt":{"rendered":"<p>\u201eDie klassische Reportage, K\u00f6nigsklasse des Journalismus, ist nicht vom Aussterben bedroht, so lange es Reporter wie Wingert gibt.\u201c Schreibt Emanuel Eckardt, der ehemalige Redakteur bei Geo und Merian und Egon-Erwin-Kisch-Preistr\u00e4ger im Nachwort zum neu aufgelegten Band \u201eDachzeilen\u201c von Zeitenspiegel-Autor Erdmann Wingert.<\/p>","protected":false},"author":2,"featured_media":0,"comment_status":"closed","ping_status":"closed","sticky":false,"template":"","format":"standard","meta":{"_FSMCFIC_featured_image_caption":"","_FSMCFIC_featured_image_nocaption":"","_FSMCFIC_featured_image_hide":"","footnotes":""},"categories":[1],"tags":[],"class_list":["post-928","post","type-post","status-publish","format-standard","hentry","category-aktuell"],"aioseo_notices":[],"_links":{"self":[{"href":"https:\/\/www.zeitenspiegel.de\/en\/wp-json\/wp\/v2\/posts\/928","targetHints":{"allow":["GET"]}}],"collection":[{"href":"https:\/\/www.zeitenspiegel.de\/en\/wp-json\/wp\/v2\/posts"}],"about":[{"href":"https:\/\/www.zeitenspiegel.de\/en\/wp-json\/wp\/v2\/types\/post"}],"author":[{"embeddable":true,"href":"https:\/\/www.zeitenspiegel.de\/en\/wp-json\/wp\/v2\/users\/2"}],"replies":[{"embeddable":true,"href":"https:\/\/www.zeitenspiegel.de\/en\/wp-json\/wp\/v2\/comments?post=928"}],"version-history":[{"count":0,"href":"https:\/\/www.zeitenspiegel.de\/en\/wp-json\/wp\/v2\/posts\/928\/revisions"}],"wp:attachment":[{"href":"https:\/\/www.zeitenspiegel.de\/en\/wp-json\/wp\/v2\/media?parent=928"}],"wp:term":[{"taxonomy":"category","embeddable":true,"href":"https:\/\/www.zeitenspiegel.de\/en\/wp-json\/wp\/v2\/categories?post=928"},{"taxonomy":"post_tag","embeddable":true,"href":"https:\/\/www.zeitenspiegel.de\/en\/wp-json\/wp\/v2\/tags?post=928"}],"curies":[{"name":"wp","href":"https:\/\/api.w.org\/{rel}","templated":true}]}}