{"id":977,"date":"2017-11-12T09:41:00","date_gmt":"2017-11-12T09:41:00","guid":{"rendered":"http:\/\/relaunch2025.zeitenspiegel.de\/aktuelles\/markus-wanzeck-indien-medienbotschafter\/"},"modified":"2017-11-12T09:41:00","modified_gmt":"2017-11-12T09:41:00","slug":"markus-wanzeck-indien-medienbotschafter","status":"publish","type":"post","link":"https:\/\/www.zeitenspiegel.de\/en\/aktuell\/markus-wanzeck-indien-medienbotschafter\/","title":{"rendered":"Markus Wanzeck Indien-Medienbotschafter"},"content":{"rendered":"<p><body mode=\"normal\" word-count=\"88\"><\/p>\n<p>Zeitenspiegel-Autor Markus Wanzeck ist seit September und noch bis Ende November in Indien, um eine Serie f\u00fcr das Magazin \u201enatur\u201c zu recherchieren. Daneben arbeitet er als Gastjournalist beim Magazin \u201eDown to Earth\u201c in Delhi.<\/p>\n<p>Der Aufenthalt ist Teil des Journalistenprogramms <a href=\"http:\/\/india.medienbotschafter.com\">\u201eMedia Ambassadors India &#8211; Germany\u201c<\/a> der Robert-Bosch-Stiftung in Kooperation mit dem Zentrum f\u00fcr Medienkompetenz der Universit\u00e4t T\u00fcbingen, dem Asian College of Journalism in Chennai und der Symbiosis International University in Pune. Das Programm erm\u00f6glicht seit 2015 j\u00e4hrlich acht deutschen und acht indischen Journalisten einen dreimonatigen Aufenthalt im anderen Land.<\/p>\n<p><\/body><\/p>\n<p>&nbsp;<\/p>","protected":false},"excerpt":{"rendered":"<p>Zeitenspiegel-Autor Markus Wanzeck ist seit September und noch bis Ende November in Indien, um eine Serie f\u00fcr das Magazin \u201enatur\u201c zu recherchieren. Daneben arbeitet er als Gastjournalist beim Magazin \u201eDown to Earth\u201c in Delhi. Der Aufenthalt ist Teil des Journalistenprogramms \u201eMedia Ambassadors India &#8211; Germany\u201c der Robert-Bosch-Stiftung in Kooperation mit dem Zentrum f\u00fcr Medienkompetenz der [&hellip;]<\/p>\n","protected":false},"author":2,"featured_media":0,"comment_status":"closed","ping_status":"closed","sticky":false,"template":"","format":"standard","meta":{"_FSMCFIC_featured_image_caption":"","_FSMCFIC_featured_image_nocaption":"","_FSMCFIC_featured_image_hide":"","footnotes":""},"categories":[1],"tags":[],"class_list":["post-977","post","type-post","status-publish","format-standard","hentry","category-aktuell"],"aioseo_notices":[],"_links":{"self":[{"href":"https:\/\/www.zeitenspiegel.de\/en\/wp-json\/wp\/v2\/posts\/977","targetHints":{"allow":["GET"]}}],"collection":[{"href":"https:\/\/www.zeitenspiegel.de\/en\/wp-json\/wp\/v2\/posts"}],"about":[{"href":"https:\/\/www.zeitenspiegel.de\/en\/wp-json\/wp\/v2\/types\/post"}],"author":[{"embeddable":true,"href":"https:\/\/www.zeitenspiegel.de\/en\/wp-json\/wp\/v2\/users\/2"}],"replies":[{"embeddable":true,"href":"https:\/\/www.zeitenspiegel.de\/en\/wp-json\/wp\/v2\/comments?post=977"}],"version-history":[{"count":0,"href":"https:\/\/www.zeitenspiegel.de\/en\/wp-json\/wp\/v2\/posts\/977\/revisions"}],"wp:attachment":[{"href":"https:\/\/www.zeitenspiegel.de\/en\/wp-json\/wp\/v2\/media?parent=977"}],"wp:term":[{"taxonomy":"category","embeddable":true,"href":"https:\/\/www.zeitenspiegel.de\/en\/wp-json\/wp\/v2\/categories?post=977"},{"taxonomy":"post_tag","embeddable":true,"href":"https:\/\/www.zeitenspiegel.de\/en\/wp-json\/wp\/v2\/tags?post=977"}],"curies":[{"name":"wp","href":"https:\/\/api.w.org\/{rel}","templated":true}]}}